{"id":4066,"date":"2022-11-21T17:14:23","date_gmt":"2022-11-21T20:14:23","guid":{"rendered":"https:\/\/www.ufsm.br\/unidades-universitarias\/cachoeira-do-sul\/?p=4066"},"modified":"2022-11-21T17:19:36","modified_gmt":"2022-11-21T20:19:36","slug":"ufsm-cs-realiza-edicao-do-viva-o-campus-em-cachoeira-do-sul","status":"publish","type":"post","link":"https:\/\/www.ufsm.br\/unidades-universitarias\/cachoeira-do-sul\/2022\/11\/21\/ufsm-cs-realiza-edicao-do-viva-o-campus-em-cachoeira-do-sul","title":{"rendered":"UFSM-CS realiza edi\u00e7\u00e3o do Viva o Campus em Cachoeira do Sul"},"content":{"rendered":"\n<p><a href=\"https:\/\/www.ufsm.br\/app\/uploads\/sites\/376\/2022\/11\/Copia-de-Sem-nome-1.jpg\"><img fetchpriority=\"high\" decoding=\"async\" class=\" wp-image-4067 alignright\" src=\"https:\/\/www.ufsm.br\/app\/uploads\/sites\/376\/2022\/11\/Copia-de-Sem-nome-1-300x300.jpg\" alt=\"\" width=\"327\" height=\"327\" srcset=\"https:\/\/www.ufsm.br\/app\/uploads\/sites\/376\/2022\/11\/Copia-de-Sem-nome-1-300x300.jpg 300w, https:\/\/www.ufsm.br\/app\/uploads\/sites\/376\/2022\/11\/Copia-de-Sem-nome-1-1024x1024.jpg 1024w, https:\/\/www.ufsm.br\/app\/uploads\/sites\/376\/2022\/11\/Copia-de-Sem-nome-1-150x150.jpg 150w, https:\/\/www.ufsm.br\/app\/uploads\/sites\/376\/2022\/11\/Copia-de-Sem-nome-1-768x768.jpg 768w, https:\/\/www.ufsm.br\/app\/uploads\/sites\/376\/2022\/11\/Copia-de-Sem-nome-1.jpg 1080w\" sizes=\"(max-width: 327px) 100vw, 327px\" \/><\/a>Que tal passar um domingo ao ar livre com a fam\u00edlia e os amigos? Esta \u00e9 a proposta do Viva o Campus \u2013 edi\u00e7\u00e3o Cachoeira do Sul, que convida toda a comunidade cachoeirense para ter um domingo de lazer no campus da UFSM-CS.<\/p>\n<p>O evento ser\u00e1 no dia 27 de novembro, das 15h \u00e0s 19h, e conta com diversas atra\u00e7\u00f5es. Uma das atividades j\u00e1 confirmadas \u00e9 o Mercado de Pulgas, que contar\u00e1 com mais de 30 expositores. Al\u00e9m disso, a r\u00e1dio Fan FM ser\u00e1 a respons\u00e1vel pela anima\u00e7\u00e3o musical, com o TFB direto do campus da UFSM em Cachoeira do Sul. A Cafeteria Polo da Prosa, que fica nas instala\u00e7\u00f5es do campus, tamb\u00e9m estar\u00e1 aberta no dia do evento, servindo um card\u00e1pio variado para os visitantes.<\/p>\n<p style=\"text-align: justify\">O Viva o Campus busca incentivar a participa\u00e7\u00e3o da comunidade, trazendo a sociedade para o espa\u00e7o interno da UFSM. Realizado desde 2018 em Santa Maria, a a\u00e7\u00e3o chega \u00e0 Cachoeira do Sul com a expectativa de transformar o campus da UFSM no munic\u00edpio em um espa\u00e7o de lazer para todos os cachoeirenses.<\/p>\n","protected":false},"excerpt":{"rendered":"<p>Que tal passar um domingo ao ar livre com a fam\u00edlia e os amigos? Esta \u00e9 a proposta do Viva o Campus \u2013 edi\u00e7\u00e3o Cachoeira do Sul, que convida toda a comunidade cachoeirense para ter um domingo de lazer no campus da UFSM-CS. O evento ser\u00e1 no dia 27 de novembro, das 15h \u00e0s 19h, [&hellip;]<\/p>\n","protected":false},"author":293,"featured_media":4068,"comment_status":"closed","ping_status":"closed","sticky":false,"template":"","format":"standard","meta":{"footnotes":""},"categories":[21,1],"tags":[],"class_list":["post-4066","post","type-post","status-publish","format-standard","has-post-thumbnail","hentry","category-banner","category-noticias"],"acf":[],"_links":{"self":[{"href":"https:\/\/www.ufsm.br\/unidades-universitarias\/cachoeira-do-sul\/wp-json\/wp\/v2\/posts\/4066","targetHints":{"allow":["GET"]}}],"collection":[{"href":"https:\/\/www.ufsm.br\/unidades-universitarias\/cachoeira-do-sul\/wp-json\/wp\/v2\/posts"}],"about":[{"href":"https:\/\/www.ufsm.br\/unidades-universitarias\/cachoeira-do-sul\/wp-json\/wp\/v2\/types\/post"}],"author":[{"embeddable":true,"href":"https:\/\/www.ufsm.br\/unidades-universitarias\/cachoeira-do-sul\/wp-json\/wp\/v2\/users\/293"}],"replies":[{"embeddable":true,"href":"https:\/\/www.ufsm.br\/unidades-universitarias\/cachoeira-do-sul\/wp-json\/wp\/v2\/comments?post=4066"}],"version-history":[{"count":0,"href":"https:\/\/www.ufsm.br\/unidades-universitarias\/cachoeira-do-sul\/wp-json\/wp\/v2\/posts\/4066\/revisions"}],"wp:featuredmedia":[{"embeddable":true,"href":"https:\/\/www.ufsm.br\/unidades-universitarias\/cachoeira-do-sul\/wp-json\/wp\/v2\/media\/4068"}],"wp:attachment":[{"href":"https:\/\/www.ufsm.br\/unidades-universitarias\/cachoeira-do-sul\/wp-json\/wp\/v2\/media?parent=4066"}],"wp:term":[{"taxonomy":"category","embeddable":true,"href":"https:\/\/www.ufsm.br\/unidades-universitarias\/cachoeira-do-sul\/wp-json\/wp\/v2\/categories?post=4066"},{"taxonomy":"post_tag","embeddable":true,"href":"https:\/\/www.ufsm.br\/unidades-universitarias\/cachoeira-do-sul\/wp-json\/wp\/v2\/tags?post=4066"}],"curies":[{"name":"wp","href":"https:\/\/api.w.org\/{rel}","templated":true}]}}