{"id":4070,"date":"2022-11-25T17:40:05","date_gmt":"2022-11-25T20:40:05","guid":{"rendered":"https:\/\/www.ufsm.br\/unidades-universitarias\/cachoeira-do-sul\/?p=4070"},"modified":"2022-11-25T17:43:26","modified_gmt":"2022-11-25T20:43:26","slug":"curso-de-arquitetura-e-urbanismo-recebe-mencao-honrosa-no-6o-premio-rosa-kliass","status":"publish","type":"post","link":"https:\/\/www.ufsm.br\/unidades-universitarias\/cachoeira-do-sul\/2022\/11\/25\/curso-de-arquitetura-e-urbanismo-recebe-mencao-honrosa-no-6o-premio-rosa-kliass","title":{"rendered":"Curso de Arquitetura e Urbanismo recebe men\u00e7\u00e3o honrosa no 6\u00ba Pr\u00eamio Rosa Kliass"},"content":{"rendered":"\t\t<div data-elementor-type=\"wp-post\" data-elementor-id=\"4070\" class=\"elementor elementor-4070\">\n\t\t\t\t\t\t<section class=\"elementor-section elementor-top-section elementor-element elementor-element-3e64f445 elementor-section-boxed elementor-section-height-default elementor-section-height-default\" data-id=\"3e64f445\" data-element_type=\"section\">\n\t\t\t\t\t\t<div class=\"elementor-container elementor-column-gap-default\">\n\t\t\t\t\t<div class=\"elementor-column elementor-col-100 elementor-top-column elementor-element elementor-element-966eea7\" data-id=\"966eea7\" data-element_type=\"column\">\n\t\t\t<div class=\"elementor-widget-wrap elementor-element-populated\">\n\t\t\t\t\t\t<div class=\"elementor-element elementor-element-75a92a88 elementor-widget elementor-widget-text-editor\" data-id=\"75a92a88\" data-element_type=\"widget\" data-widget_type=\"text-editor.default\">\n\t\t\t\t<div class=\"elementor-widget-container\">\n\t\t\t\t\t\t\t<p><!-- wp:tadv\/classic-paragraph --><\/p>\n<p class=\"western\" align=\"justify\"><span style=\"font-size: medium\">O projeto &#8220;Leitura da Paisagem do Arroio Tigre &#8211; Uma Proposta de Planejamento Sist\u00eamico e Cria\u00e7\u00e3o de Parque Urbano&#8221;, de autoria da egressa do curso de Arquitetura e Urbanismo do campus da UFSM em Cachoeira do Sul, Gianne Speth, com orienta\u00e7\u00e3o da professora Raquel Weiss, recebeu Men\u00e7\u00e3o Honrosa no 6\u00ba Pr\u00eamio Rosa Kliass &#8211; Concurso Nacional de Arquitetura da Paisagem 2022. Prestigiado pr\u00eamio de arquitetura da paisagem de nosso Pa\u00eds, a premia\u00e7\u00e3o\u00a0\u00e9 uma iniciativa da <span style=\"font-size: medium\">Associa\u00e7\u00e3o Brasileira de Arquitetos Paisagistas (ABAP) e foi divulgado no XVI Encontro Nacional de Ensino de Paisagismo nas Escolas de Arquitetura e Urbanismo do Brasil.<\/span><\/span><\/p>\n<p class=\"western\" align=\"justify\"><span style=\"font-size: medium\"><span style=\"font-size: medium\">\u00a0<\/span><\/span><\/p>\n<p><!-- \/wp:tadv\/classic-paragraph --><\/p>\t\t\t\t\t\t<\/div>\n\t\t\t\t<\/div>\n\t\t\t\t\t<\/div>\n\t\t<\/div>\n\t\t\t\t\t<\/div>\n\t\t<\/section>\n\t\t\t\t<section class=\"elementor-section elementor-top-section elementor-element elementor-element-4450858 elementor-section-boxed elementor-section-height-default elementor-section-height-default\" data-id=\"4450858\" data-element_type=\"section\">\n\t\t\t\t\t\t<div class=\"elementor-container elementor-column-gap-default\">\n\t\t\t\t\t<div class=\"elementor-column elementor-col-50 elementor-top-column elementor-element elementor-element-7897d96\" data-id=\"7897d96\" data-element_type=\"column\">\n\t\t\t<div class=\"elementor-widget-wrap elementor-element-populated\">\n\t\t\t\t\t\t<div class=\"elementor-element elementor-element-e12484e elementor-widget elementor-widget-image\" data-id=\"e12484e\" data-element_type=\"widget\" data-widget_type=\"image.default\">\n\t\t\t\t<div class=\"elementor-widget-container\">\n\t\t\t\t\t\t\t\t\t\t\t\t\t\t<a href=\"https:\/\/www.ufsm.br\/app\/uploads\/sites\/376\/2022\/11\/073_page-0001.jpg\" data-elementor-open-lightbox=\"yes\" data-elementor-lightbox-title=\"073_page-0001\" data-e-action-hash=\"#elementor-action%3Aaction%3Dlightbox%26settings%3DeyJpZCI6IjQwNzIiLCJ1cmwiOiJodHRwczpcL1wvd3d3LnVmc20uYnJcL2FwcFwvdXBsb2Fkc1wvc2l0ZXNcLzM3NlwvMjAyMlwvMTFcLzA3M19wYWdlLTAwMDEuanBnIn0%3D\">\n\t\t\t\t\t\t\t<img fetchpriority=\"high\" decoding=\"async\" width=\"1024\" height=\"723\" src=\"https:\/\/www.ufsm.br\/app\/uploads\/sites\/376\/2022\/11\/073_page-0001-1024x723.jpg\" class=\"attachment-large size-large wp-image-4072\" alt=\"\" srcset=\"https:\/\/www.ufsm.br\/app\/uploads\/sites\/376\/2022\/11\/073_page-0001-1024x723.jpg 1024w, https:\/\/www.ufsm.br\/app\/uploads\/sites\/376\/2022\/11\/073_page-0001-300x212.jpg 300w, https:\/\/www.ufsm.br\/app\/uploads\/sites\/376\/2022\/11\/073_page-0001-768x542.jpg 768w, https:\/\/www.ufsm.br\/app\/uploads\/sites\/376\/2022\/11\/073_page-0001-1536x1085.jpg 1536w, https:\/\/www.ufsm.br\/app\/uploads\/sites\/376\/2022\/11\/073_page-0001.jpg 1920w\" sizes=\"(max-width: 1024px) 100vw, 1024px\" \/>\t\t\t\t\t\t\t\t<\/a>\n\t\t\t\t\t\t\t\t\t\t\t\t\t<\/div>\n\t\t\t\t<\/div>\n\t\t\t\t\t<\/div>\n\t\t<\/div>\n\t\t\t\t<div class=\"elementor-column elementor-col-50 elementor-top-column elementor-element elementor-element-b35d0f7\" data-id=\"b35d0f7\" data-element_type=\"column\">\n\t\t\t<div class=\"elementor-widget-wrap elementor-element-populated\">\n\t\t\t\t\t\t<div class=\"elementor-element elementor-element-20c9ae8 elementor-widget elementor-widget-image\" data-id=\"20c9ae8\" data-element_type=\"widget\" data-widget_type=\"image.default\">\n\t\t\t\t<div class=\"elementor-widget-container\">\n\t\t\t\t\t\t\t\t\t\t\t\t\t\t<a href=\"https:\/\/www.ufsm.br\/app\/uploads\/sites\/376\/2022\/11\/073_page-0002.jpg\" data-elementor-open-lightbox=\"yes\" data-elementor-lightbox-title=\"073_page-0002\" data-e-action-hash=\"#elementor-action%3Aaction%3Dlightbox%26settings%3DeyJpZCI6IjQwNzEiLCJ1cmwiOiJodHRwczpcL1wvd3d3LnVmc20uYnJcL2FwcFwvdXBsb2Fkc1wvc2l0ZXNcLzM3NlwvMjAyMlwvMTFcLzA3M19wYWdlLTAwMDIuanBnIn0%3D\">\n\t\t\t\t\t\t\t<img decoding=\"async\" width=\"1024\" height=\"723\" src=\"https:\/\/www.ufsm.br\/app\/uploads\/sites\/376\/2022\/11\/073_page-0002-1024x723.jpg\" class=\"attachment-large size-large wp-image-4071\" alt=\"\" srcset=\"https:\/\/www.ufsm.br\/app\/uploads\/sites\/376\/2022\/11\/073_page-0002-1024x723.jpg 1024w, https:\/\/www.ufsm.br\/app\/uploads\/sites\/376\/2022\/11\/073_page-0002-300x212.jpg 300w, https:\/\/www.ufsm.br\/app\/uploads\/sites\/376\/2022\/11\/073_page-0002-768x542.jpg 768w, https:\/\/www.ufsm.br\/app\/uploads\/sites\/376\/2022\/11\/073_page-0002-1536x1085.jpg 1536w, https:\/\/www.ufsm.br\/app\/uploads\/sites\/376\/2022\/11\/073_page-0002.jpg 1920w\" sizes=\"(max-width: 1024px) 100vw, 1024px\" \/>\t\t\t\t\t\t\t\t<\/a>\n\t\t\t\t\t\t\t\t\t\t\t\t\t<\/div>\n\t\t\t\t<\/div>\n\t\t\t\t\t<\/div>\n\t\t<\/div>\n\t\t\t\t\t<\/div>\n\t\t<\/section>\n\t\t\t\t<section class=\"elementor-section elementor-top-section elementor-element elementor-element-98de029 elementor-section-boxed elementor-section-height-default elementor-section-height-default\" data-id=\"98de029\" data-element_type=\"section\">\n\t\t\t\t\t\t<div class=\"elementor-container elementor-column-gap-default\">\n\t\t\t\t\t<div class=\"elementor-column elementor-col-100 elementor-top-column elementor-element elementor-element-d1d4e5a\" data-id=\"d1d4e5a\" data-element_type=\"column\">\n\t\t\t<div class=\"elementor-widget-wrap elementor-element-populated\">\n\t\t\t\t\t\t<div class=\"elementor-element elementor-element-281dfc3 elementor-widget elementor-widget-text-editor\" data-id=\"281dfc3\" data-element_type=\"widget\" data-widget_type=\"text-editor.default\">\n\t\t\t\t<div class=\"elementor-widget-container\">\n\t\t\t\t\t\t\t<p style=\"text-align: center\"><em>Projeto da egressa do curso de Arquitetura e Urbanismo da UFSM-CS.<\/em><\/p>\t\t\t\t\t\t<\/div>\n\t\t\t\t<\/div>\n\t\t\t\t\t<\/div>\n\t\t<\/div>\n\t\t\t\t\t<\/div>\n\t\t<\/section>\n\t\t\t\t<section class=\"elementor-section elementor-top-section elementor-element elementor-element-0816124 elementor-section-boxed elementor-section-height-default elementor-section-height-default\" data-id=\"0816124\" data-element_type=\"section\">\n\t\t\t\t\t\t<div class=\"elementor-container elementor-column-gap-default\">\n\t\t\t\t\t<div class=\"elementor-column elementor-col-100 elementor-top-column elementor-element elementor-element-7bdf76a\" data-id=\"7bdf76a\" data-element_type=\"column\">\n\t\t\t<div class=\"elementor-widget-wrap elementor-element-populated\">\n\t\t\t\t\t\t<div class=\"elementor-element elementor-element-95f7535 elementor-widget elementor-widget-text-editor\" data-id=\"95f7535\" data-element_type=\"widget\" data-widget_type=\"text-editor.default\">\n\t\t\t\t<div class=\"elementor-widget-container\">\n\t\t\t\t\t\t\t<p style=\"text-align: justify\">O pr\u00eamio tem como objetivo reunir projetos de arquitetura paisag\u00edstica produzidos na universidade de modo a investigar quais iniciativas de projeto sobre tema vem sendo realizados, incentivando assim a participa\u00e7\u00e3o conjunta das universidades ao evento que relacionem a produ\u00e7\u00e3o do homem junto \u00e0 paisagem. Al\u00e9m do trabalho do campus de Cachoeira do Sul, outro projeto, do curso de Arquitetura e Urbanismo do campus sede da UFSM, tamb\u00e9m foi contemplado com a premia\u00e7\u00e3o m\u00e1xima de Melhor Trabalho. O projeto &#8220;Planejamento Paisag\u00edstico para Rotas Ciclotur\u00edsticas para a Regi\u00e3o da Quarta Col\u00f4nia&#8221; de Henrique dos Santos Daros e orientado pelo professor Luis Guilherme Aita Pippi.<\/p>\t\t\t\t\t\t<\/div>\n\t\t\t\t<\/div>\n\t\t\t\t\t<\/div>\n\t\t<\/div>\n\t\t\t\t\t<\/div>\n\t\t<\/section>\n\t\t\t\t<\/div>\n\t\t","protected":false},"excerpt":{"rendered":"<p>O projeto &#8220;Leitura da Paisagem do Arroio Tigre &#8211; Uma Proposta de Planejamento Sist\u00eamico e Cria\u00e7\u00e3o de Parque Urbano&#8221;, de autoria da egressa do curso de Arquitetura e Urbanismo do campus da UFSM em Cachoeira do Sul, Gianne Speth, com orienta\u00e7\u00e3o da professora Raquel Weiss, recebeu Men\u00e7\u00e3o Honrosa no 6\u00ba Pr\u00eamio Rosa Kliass &#8211; Concurso [&hellip;]<\/p>\n","protected":false},"author":293,"featured_media":4073,"comment_status":"closed","ping_status":"closed","sticky":false,"template":"","format":"standard","meta":{"footnotes":""},"categories":[21,1],"tags":[],"class_list":["post-4070","post","type-post","status-publish","format-standard","has-post-thumbnail","hentry","category-banner","category-noticias"],"acf":[],"_links":{"self":[{"href":"https:\/\/www.ufsm.br\/unidades-universitarias\/cachoeira-do-sul\/wp-json\/wp\/v2\/posts\/4070","targetHints":{"allow":["GET"]}}],"collection":[{"href":"https:\/\/www.ufsm.br\/unidades-universitarias\/cachoeira-do-sul\/wp-json\/wp\/v2\/posts"}],"about":[{"href":"https:\/\/www.ufsm.br\/unidades-universitarias\/cachoeira-do-sul\/wp-json\/wp\/v2\/types\/post"}],"author":[{"embeddable":true,"href":"https:\/\/www.ufsm.br\/unidades-universitarias\/cachoeira-do-sul\/wp-json\/wp\/v2\/users\/293"}],"replies":[{"embeddable":true,"href":"https:\/\/www.ufsm.br\/unidades-universitarias\/cachoeira-do-sul\/wp-json\/wp\/v2\/comments?post=4070"}],"version-history":[{"count":0,"href":"https:\/\/www.ufsm.br\/unidades-universitarias\/cachoeira-do-sul\/wp-json\/wp\/v2\/posts\/4070\/revisions"}],"wp:featuredmedia":[{"embeddable":true,"href":"https:\/\/www.ufsm.br\/unidades-universitarias\/cachoeira-do-sul\/wp-json\/wp\/v2\/media\/4073"}],"wp:attachment":[{"href":"https:\/\/www.ufsm.br\/unidades-universitarias\/cachoeira-do-sul\/wp-json\/wp\/v2\/media?parent=4070"}],"wp:term":[{"taxonomy":"category","embeddable":true,"href":"https:\/\/www.ufsm.br\/unidades-universitarias\/cachoeira-do-sul\/wp-json\/wp\/v2\/categories?post=4070"},{"taxonomy":"post_tag","embeddable":true,"href":"https:\/\/www.ufsm.br\/unidades-universitarias\/cachoeira-do-sul\/wp-json\/wp\/v2\/tags?post=4070"}],"curies":[{"name":"wp","href":"https:\/\/api.w.org\/{rel}","templated":true}]}}