{"id":4074,"date":"2022-11-25T18:22:01","date_gmt":"2022-11-25T21:22:01","guid":{"rendered":"https:\/\/www.ufsm.br\/unidades-universitarias\/cachoeira-do-sul\/?p=4074"},"modified":"2022-11-25T18:25:03","modified_gmt":"2022-11-25T21:25:03","slug":"forum-de-extensao-acontece-na-ufsm-cs","status":"publish","type":"post","link":"https:\/\/www.ufsm.br\/unidades-universitarias\/cachoeira-do-sul\/2022\/11\/25\/forum-de-extensao-acontece-na-ufsm-cs","title":{"rendered":"F\u00f3rum de Extens\u00e3o acontece na UFSM-CS"},"content":{"rendered":"\t\t<div data-elementor-type=\"wp-post\" data-elementor-id=\"4074\" class=\"elementor elementor-4074\">\n\t\t\t\t\t\t<section class=\"elementor-section elementor-top-section elementor-element elementor-element-3bdb6451 elementor-section-boxed elementor-section-height-default elementor-section-height-default\" data-id=\"3bdb6451\" data-element_type=\"section\">\n\t\t\t\t\t\t<div class=\"elementor-container elementor-column-gap-default\">\n\t\t\t\t\t<div class=\"elementor-column elementor-col-100 elementor-top-column elementor-element elementor-element-48660194\" data-id=\"48660194\" data-element_type=\"column\">\n\t\t\t<div class=\"elementor-widget-wrap elementor-element-populated\">\n\t\t\t\t\t\t<div class=\"elementor-element elementor-element-65c61f03 elementor-widget elementor-widget-text-editor\" data-id=\"65c61f03\" data-element_type=\"widget\" data-widget_type=\"text-editor.default\">\n\t\t\t\t<div class=\"elementor-widget-container\">\n\t\t\t\t\t\t\t<!-- wp:tadv\/classic-paragraph \/-->\n\n<!-- wp:tadv\/classic-paragraph -->\n<p style=\"text-align: justify\">Na tarde desta quarta-feira, dia 23, o campus da UFSM em Cachoeira do Sul recebeu a segunda edi\u00e7\u00e3o do F\u00f3rum Regional Permanente de Extens\u00e3o. A segunda edi\u00e7\u00e3o de 2022 do F\u00f3rum no campus de Cachoeira do Sul contou a participa\u00e7\u00e3o da comunidade acad\u00eamica, entre docentes, t\u00e9cnico-administrativos em educa\u00e7\u00e3o e alunos envolvidos em a\u00e7\u00f5es de extens\u00e3o, al\u00e9m de representantes da comunidade externa. Esta edi\u00e7\u00e3o do F\u00f3rum tem como caracter\u00edstica promover o di\u00e1logo entre extensionistas da UFSM e a comunidade externa e trouxe como tema a ODS mais votada em nosso campus, a ODS 4 &#8211; Educa\u00e7\u00e3o de Qualidade.<\/p>\n<p style=\"text-align: justify\">O evento contou com a presen\u00e7a do pr\u00f3-reitor de Extens\u00e3o, Flavi Lisboa Filho; o diretor da UFSM-CS, Anderson Dal Molin; o coordenador de Articula\u00e7\u00e3o e Fomento \u00e0 Extens\u00e3o, Rudiney Pereira; al\u00e9m do professor Paulo C\u00e9sar Vargas Luz, do curso de Engenharia El\u00e9trica do campus da UFSM em Cachoeira do Sul, e da professora \u00c2ngela Schumacher Schuch, Secretaria Municipal de Educa\u00e7\u00e3o e vice-prefeita de Cachoeira do Sul, que fizeram explana\u00e7\u00f5es sobre a tem\u00e1tica do evento.<\/p>\n<!-- \/wp:tadv\/classic-paragraph -->\t\t\t\t\t\t<\/div>\n\t\t\t\t<\/div>\n\t\t\t\t\t<\/div>\n\t\t<\/div>\n\t\t\t\t\t<\/div>\n\t\t<\/section>\n\t\t\t\t<section class=\"elementor-section elementor-top-section elementor-element elementor-element-8d4a731 elementor-section-boxed elementor-section-height-default elementor-section-height-default\" data-id=\"8d4a731\" data-element_type=\"section\">\n\t\t\t\t\t\t<div class=\"elementor-container elementor-column-gap-default\">\n\t\t\t\t\t<div class=\"elementor-column elementor-col-100 elementor-top-column elementor-element elementor-element-0915e08\" data-id=\"0915e08\" data-element_type=\"column\">\n\t\t\t<div class=\"elementor-widget-wrap elementor-element-populated\">\n\t\t\t\t\t\t<div class=\"elementor-element elementor-element-1d0859e elementor-arrows-position-inside elementor-pagination-position-outside elementor-widget elementor-widget-image-carousel\" data-id=\"1d0859e\" data-element_type=\"widget\" data-settings=\"{&quot;slides_to_show&quot;:&quot;1&quot;,&quot;navigation&quot;:&quot;both&quot;,&quot;autoplay&quot;:&quot;yes&quot;,&quot;pause_on_hover&quot;:&quot;yes&quot;,&quot;pause_on_interaction&quot;:&quot;yes&quot;,&quot;autoplay_speed&quot;:5000,&quot;infinite&quot;:&quot;yes&quot;,&quot;effect&quot;:&quot;slide&quot;,&quot;speed&quot;:500}\" data-widget_type=\"image-carousel.default\">\n\t\t\t\t<div class=\"elementor-widget-container\">\n\t\t\t\t\t<div class=\"elementor-image-carousel-wrapper swiper\" dir=\"ltr\">\n\t\t\t<div class=\"elementor-image-carousel swiper-wrapper\" aria-live=\"off\">\n\t\t\t\t\t\t\t\t<div class=\"swiper-slide\" role=\"group\" aria-roledescription=\"slide\" aria-label=\"1 of 8\"><figure class=\"swiper-slide-inner\"><img decoding=\"async\" class=\"swiper-slide-image\" src=\"https:\/\/www.ufsm.br\/app\/uploads\/sites\/376\/2022\/11\/WhatsApp-Image-2022-11-24-at-12.14.41-225x300.jpeg\" alt=\"WhatsApp Image 2022-11-24 at 12.14.41\" \/><\/figure><\/div><div class=\"swiper-slide\" role=\"group\" aria-roledescription=\"slide\" aria-label=\"2 of 8\"><figure class=\"swiper-slide-inner\"><img decoding=\"async\" class=\"swiper-slide-image\" src=\"https:\/\/www.ufsm.br\/app\/uploads\/sites\/376\/2022\/11\/WhatsApp-Image-2022-11-24-at-12.14.43-225x300.jpeg\" alt=\"WhatsApp Image 2022-11-24 at 12.14.43\" \/><\/figure><\/div><div class=\"swiper-slide\" role=\"group\" aria-roledescription=\"slide\" aria-label=\"3 of 8\"><figure class=\"swiper-slide-inner\"><img decoding=\"async\" class=\"swiper-slide-image\" src=\"https:\/\/www.ufsm.br\/app\/uploads\/sites\/376\/2022\/11\/WhatsApp-Image-2022-11-24-at-12.14.44-225x300.jpeg\" alt=\"WhatsApp Image 2022-11-24 at 12.14.44\" \/><\/figure><\/div><div class=\"swiper-slide\" role=\"group\" aria-roledescription=\"slide\" aria-label=\"4 of 8\"><figure class=\"swiper-slide-inner\"><img decoding=\"async\" class=\"swiper-slide-image\" src=\"https:\/\/www.ufsm.br\/app\/uploads\/sites\/376\/2022\/11\/WhatsApp-Image-2022-11-24-at-12.14.46-225x300.jpeg\" alt=\"WhatsApp Image 2022-11-24 at 12.14.46\" \/><\/figure><\/div><div class=\"swiper-slide\" role=\"group\" aria-roledescription=\"slide\" aria-label=\"5 of 8\"><figure class=\"swiper-slide-inner\"><img decoding=\"async\" class=\"swiper-slide-image\" src=\"https:\/\/www.ufsm.br\/app\/uploads\/sites\/376\/2022\/11\/WhatsApp-Image-2022-11-24-at-12.14.47-225x300.jpeg\" alt=\"WhatsApp Image 2022-11-24 at 12.14.47\" \/><\/figure><\/div><div class=\"swiper-slide\" role=\"group\" aria-roledescription=\"slide\" aria-label=\"6 of 8\"><figure class=\"swiper-slide-inner\"><img decoding=\"async\" class=\"swiper-slide-image\" src=\"https:\/\/www.ufsm.br\/app\/uploads\/sites\/376\/2022\/11\/WhatsApp-Image-2022-11-24-at-12.14.49-2-225x300.jpeg\" alt=\"WhatsApp Image 2022-11-24 at 12.14.49 (2)\" \/><\/figure><\/div><div class=\"swiper-slide\" role=\"group\" aria-roledescription=\"slide\" aria-label=\"7 of 8\"><figure class=\"swiper-slide-inner\"><img decoding=\"async\" class=\"swiper-slide-image\" src=\"https:\/\/www.ufsm.br\/app\/uploads\/sites\/376\/2022\/11\/WhatsApp-Image-2022-11-24-at-12.14.48-225x300.jpeg\" alt=\"WhatsApp Image 2022-11-24 at 12.14.48\" \/><\/figure><\/div><div class=\"swiper-slide\" role=\"group\" aria-roledescription=\"slide\" aria-label=\"8 of 8\"><figure class=\"swiper-slide-inner\"><img decoding=\"async\" class=\"swiper-slide-image\" src=\"https:\/\/www.ufsm.br\/app\/uploads\/sites\/376\/2022\/11\/WhatsApp-Image-2022-11-24-at-12.14.43-1-225x300.jpeg\" alt=\"WhatsApp Image 2022-11-24 at 12.14.43 (1)\" \/><\/figure><\/div>\t\t\t<\/div>\n\t\t\t\t\t\t\t\t\t\t\t\t<div class=\"elementor-swiper-button elementor-swiper-button-prev\" role=\"button\" tabindex=\"0\">\n\t\t\t\t\t\t<i aria-hidden=\"true\" class=\"eicon-chevron-left\"><\/i>\t\t\t\t\t<\/div>\n\t\t\t\t\t<div class=\"elementor-swiper-button elementor-swiper-button-next\" role=\"button\" tabindex=\"0\">\n\t\t\t\t\t\t<i aria-hidden=\"true\" class=\"eicon-chevron-right\"><\/i>\t\t\t\t\t<\/div>\n\t\t\t\t\n\t\t\t\t\t\t\t\t\t<div class=\"swiper-pagination\"><\/div>\n\t\t\t\t\t\t\t\t\t<\/div>\n\t\t\t\t<\/div>\n\t\t\t\t<\/div>\n\t\t\t\t\t<\/div>\n\t\t<\/div>\n\t\t\t\t\t<\/div>\n\t\t<\/section>\n\t\t\t\t<\/div>\n\t\t","protected":false},"excerpt":{"rendered":"<p>Na tarde desta quarta-feira, dia 23, o campus da UFSM em Cachoeira do Sul recebeu a segunda edi\u00e7\u00e3o do F\u00f3rum Regional Permanente de Extens\u00e3o. A segunda edi\u00e7\u00e3o de 2022 do F\u00f3rum no campus de Cachoeira do Sul contou a participa\u00e7\u00e3o da comunidade acad\u00eamica, entre docentes, t\u00e9cnico-administrativos em educa\u00e7\u00e3o e alunos envolvidos em a\u00e7\u00f5es de extens\u00e3o, [&hellip;]<\/p>\n","protected":false},"author":293,"featured_media":0,"comment_status":"closed","ping_status":"closed","sticky":false,"template":"","format":"standard","meta":{"footnotes":""},"categories":[1],"tags":[],"class_list":["post-4074","post","type-post","status-publish","format-standard","hentry","category-noticias"],"acf":[],"_links":{"self":[{"href":"https:\/\/www.ufsm.br\/unidades-universitarias\/cachoeira-do-sul\/wp-json\/wp\/v2\/posts\/4074","targetHints":{"allow":["GET"]}}],"collection":[{"href":"https:\/\/www.ufsm.br\/unidades-universitarias\/cachoeira-do-sul\/wp-json\/wp\/v2\/posts"}],"about":[{"href":"https:\/\/www.ufsm.br\/unidades-universitarias\/cachoeira-do-sul\/wp-json\/wp\/v2\/types\/post"}],"author":[{"embeddable":true,"href":"https:\/\/www.ufsm.br\/unidades-universitarias\/cachoeira-do-sul\/wp-json\/wp\/v2\/users\/293"}],"replies":[{"embeddable":true,"href":"https:\/\/www.ufsm.br\/unidades-universitarias\/cachoeira-do-sul\/wp-json\/wp\/v2\/comments?post=4074"}],"version-history":[{"count":0,"href":"https:\/\/www.ufsm.br\/unidades-universitarias\/cachoeira-do-sul\/wp-json\/wp\/v2\/posts\/4074\/revisions"}],"wp:attachment":[{"href":"https:\/\/www.ufsm.br\/unidades-universitarias\/cachoeira-do-sul\/wp-json\/wp\/v2\/media?parent=4074"}],"wp:term":[{"taxonomy":"category","embeddable":true,"href":"https:\/\/www.ufsm.br\/unidades-universitarias\/cachoeira-do-sul\/wp-json\/wp\/v2\/categories?post=4074"},{"taxonomy":"post_tag","embeddable":true,"href":"https:\/\/www.ufsm.br\/unidades-universitarias\/cachoeira-do-sul\/wp-json\/wp\/v2\/tags?post=4074"}],"curies":[{"name":"wp","href":"https:\/\/api.w.org\/{rel}","templated":true}]}}