{"id":4090,"date":"2022-11-29T13:34:31","date_gmt":"2022-11-29T16:34:31","guid":{"rendered":"https:\/\/www.ufsm.br\/unidades-universitarias\/cachoeira-do-sul\/?p=4090"},"modified":"2022-11-29T13:34:33","modified_gmt":"2022-11-29T16:34:33","slug":"primeira-feira-de-ciencias-tecnologia-e-inovacao-da-ufsm-cachoeira-do-sul-sera-realizada-neste-sabado","status":"publish","type":"post","link":"https:\/\/www.ufsm.br\/unidades-universitarias\/cachoeira-do-sul\/2022\/11\/29\/primeira-feira-de-ciencias-tecnologia-e-inovacao-da-ufsm-cachoeira-do-sul-sera-realizada-neste-sabado","title":{"rendered":"Primeira Feira de Ci\u00eancias, Tecnologia e Inova\u00e7\u00e3o da UFSM Cachoeira do Sul ser\u00e1 realizada neste s\u00e1bado"},"content":{"rendered":"\n\n\n<p><img fetchpriority=\"high\" decoding=\"async\" class=\"alignright size-medium wp-image-4089\" src=\"https:\/\/www.ufsm.br\/app\/uploads\/sites\/376\/2022\/11\/CARD-1a-Feira-de-Ciencias-Tecnologia-e-Inovacao-300x300.jpg\" alt=\"\" width=\"300\" height=\"300\" srcset=\"https:\/\/www.ufsm.br\/app\/uploads\/sites\/376\/2022\/11\/CARD-1a-Feira-de-Ciencias-Tecnologia-e-Inovacao-300x300.jpg 300w, https:\/\/www.ufsm.br\/app\/uploads\/sites\/376\/2022\/11\/CARD-1a-Feira-de-Ciencias-Tecnologia-e-Inovacao-1024x1024.jpg 1024w, https:\/\/www.ufsm.br\/app\/uploads\/sites\/376\/2022\/11\/CARD-1a-Feira-de-Ciencias-Tecnologia-e-Inovacao-150x150.jpg 150w, https:\/\/www.ufsm.br\/app\/uploads\/sites\/376\/2022\/11\/CARD-1a-Feira-de-Ciencias-Tecnologia-e-Inovacao-768x768.jpg 768w, https:\/\/www.ufsm.br\/app\/uploads\/sites\/376\/2022\/11\/CARD-1a-Feira-de-Ciencias-Tecnologia-e-Inovacao.jpg 1080w\" sizes=\"(max-width: 300px) 100vw, 300px\" \/>No dia 03 de dezembro, das 13h30min \u00e0s 17:30, o campus da UFSM em Cachoeira do Sul estar\u00e1 aberto para um momento de intera\u00e7\u00e3o entre escolas e universidade na 1\u00aa Feira de Ci\u00eancias, Tecnologia e Inova\u00e7\u00e3o. Durante a Feira ser\u00e3o apresentados pain\u00e9is, banners, prot\u00f3tipos, experimentos, softwares, entre outros. As apresenta\u00e7\u00f5es aconteceram nas salas do Pr\u00e9dio Q5SA, todos est\u00e3o convidados a prestigiar o evento<br \/><br \/>A programa\u00e7\u00e3o pode ser conferida aqui: <a href=\"https:\/\/www.ufsm.br\/app\/uploads\/sites\/376\/2022\/11\/Programacao-feira-de-ciencias.pdf\">Programa\u00e7\u00e3o feira de ci\u00eancias<\/a> ser\u00e3o mais de 80 trabalhos apresentados neste s\u00e1bado<br \/><br \/>Al\u00e9m das apresenta\u00e7\u00f5es, posteriormente tamb\u00e9m ser\u00e3o confeccionados dois e-books, sendo um na modalidade universidade e outro na modalidade escola. Tamb\u00e9m ser\u00e3o produzidos dois cadernos de artigos completos que ser\u00e3o publicados na Revista JESTA, nestas duas modalidades.<br \/><br \/>Para saber mais, acesse o\u00a0<a href=\"http:\/\/evento.ccsul.ufsm.br\/cti\/\" target=\"_blank\" rel=\"noopener\" data-saferedirecturl=\"https:\/\/www.google.com\/url?q=http:\/\/evento.ccsul.ufsm.br\/cti\/&amp;source=gmail&amp;ust=1669821278265000&amp;usg=AOvVaw0tNWF2XREr5WZSpY_A9EE5\">site do evento<\/a><\/p>\n","protected":false},"excerpt":{"rendered":"<p>No dia 03 de dezembro, das 13h30min \u00e0s 17:30, o campus da UFSM em Cachoeira do Sul estar\u00e1 aberto para um momento de intera\u00e7\u00e3o entre escolas e universidade na 1\u00aa Feira de Ci\u00eancias, Tecnologia e Inova\u00e7\u00e3o. Durante a Feira ser\u00e3o apresentados pain\u00e9is, banners, prot\u00f3tipos, experimentos, softwares, entre outros. As apresenta\u00e7\u00f5es aconteceram nas salas do Pr\u00e9dio [&hellip;]<\/p>\n","protected":false},"author":4522,"featured_media":0,"comment_status":"closed","ping_status":"closed","sticky":false,"template":"","format":"standard","meta":{"footnotes":""},"categories":[1],"tags":[],"class_list":["post-4090","post","type-post","status-publish","format-standard","hentry","category-noticias"],"acf":[],"_links":{"self":[{"href":"https:\/\/www.ufsm.br\/unidades-universitarias\/cachoeira-do-sul\/wp-json\/wp\/v2\/posts\/4090","targetHints":{"allow":["GET"]}}],"collection":[{"href":"https:\/\/www.ufsm.br\/unidades-universitarias\/cachoeira-do-sul\/wp-json\/wp\/v2\/posts"}],"about":[{"href":"https:\/\/www.ufsm.br\/unidades-universitarias\/cachoeira-do-sul\/wp-json\/wp\/v2\/types\/post"}],"author":[{"embeddable":true,"href":"https:\/\/www.ufsm.br\/unidades-universitarias\/cachoeira-do-sul\/wp-json\/wp\/v2\/users\/4522"}],"replies":[{"embeddable":true,"href":"https:\/\/www.ufsm.br\/unidades-universitarias\/cachoeira-do-sul\/wp-json\/wp\/v2\/comments?post=4090"}],"version-history":[{"count":0,"href":"https:\/\/www.ufsm.br\/unidades-universitarias\/cachoeira-do-sul\/wp-json\/wp\/v2\/posts\/4090\/revisions"}],"wp:attachment":[{"href":"https:\/\/www.ufsm.br\/unidades-universitarias\/cachoeira-do-sul\/wp-json\/wp\/v2\/media?parent=4090"}],"wp:term":[{"taxonomy":"category","embeddable":true,"href":"https:\/\/www.ufsm.br\/unidades-universitarias\/cachoeira-do-sul\/wp-json\/wp\/v2\/categories?post=4090"},{"taxonomy":"post_tag","embeddable":true,"href":"https:\/\/www.ufsm.br\/unidades-universitarias\/cachoeira-do-sul\/wp-json\/wp\/v2\/tags?post=4090"}],"curies":[{"name":"wp","href":"https:\/\/api.w.org\/{rel}","templated":true}]}}