{"id":4094,"date":"2022-12-05T16:25:58","date_gmt":"2022-12-05T19:25:58","guid":{"rendered":"https:\/\/www.ufsm.br\/unidades-universitarias\/cachoeira-do-sul\/?p=4094"},"modified":"2022-12-05T16:26:00","modified_gmt":"2022-12-05T19:26:00","slug":"representantes-de-instituicoes-da-regiao-se-reunem-para-discutir-obras-viarias-de-acesso-ao-campus-da-ufsm-cachoeira-do-sul","status":"publish","type":"post","link":"https:\/\/www.ufsm.br\/unidades-universitarias\/cachoeira-do-sul\/2022\/12\/05\/representantes-de-instituicoes-da-regiao-se-reunem-para-discutir-obras-viarias-de-acesso-ao-campus-da-ufsm-cachoeira-do-sul","title":{"rendered":"Representantes de institui\u00e7\u00f5es da regi\u00e3o se re\u00fanem para discutir obras vi\u00e1rias de acesso ao campus da UFSM Cachoeira do Sul"},"content":{"rendered":"\n<p><img fetchpriority=\"high\" decoding=\"async\" class=\"aligncenter wp-image-4093\" src=\"https:\/\/www.ufsm.br\/app\/uploads\/sites\/376\/2022\/12\/acesso-ao-campus.jpg\" alt=\"\" width=\"535\" height=\"357\" srcset=\"https:\/\/www.ufsm.br\/app\/uploads\/sites\/376\/2022\/12\/acesso-ao-campus.jpg 768w, https:\/\/www.ufsm.br\/app\/uploads\/sites\/376\/2022\/12\/acesso-ao-campus-300x200.jpg 300w, https:\/\/www.ufsm.br\/app\/uploads\/sites\/376\/2022\/12\/acesso-ao-campus-272x182.jpg 272w\" sizes=\"(max-width: 535px) 100vw, 535px\" \/><\/p>\n<p>Na manh\u00e3 desta segunda-feira (05\/12), o Diretor do Campus da UFSM\/CS &#8211; Anderson Dal Molin &#8211; juntamente com o Superintendente Regional do DAER &#8211; Jo\u00e3o Batista Rosa de Almeida &#8211; se reuniram com demais parceiros na execu\u00e7\u00e3o das obras para definir a execu\u00e7\u00e3o das obras, a entrega do projeto de acesso tem prazo de 10 dias.<\/p>\n","protected":false},"excerpt":{"rendered":"<p>Na manh\u00e3 desta segunda-feira (05\/12), o Diretor do Campus da UFSM\/CS &#8211; Anderson Dal Molin &#8211; juntamente com o Superintendente Regional do DAER &#8211; Jo\u00e3o Batista Rosa de Almeida &#8211; se reuniram com demais parceiros na execu\u00e7\u00e3o das obras para definir a execu\u00e7\u00e3o das obras, a entrega do projeto de acesso tem prazo de 10 [&hellip;]<\/p>\n","protected":false},"author":4522,"featured_media":0,"comment_status":"closed","ping_status":"closed","sticky":false,"template":"","format":"standard","meta":{"footnotes":""},"categories":[1],"tags":[],"class_list":["post-4094","post","type-post","status-publish","format-standard","hentry","category-noticias"],"acf":[],"_links":{"self":[{"href":"https:\/\/www.ufsm.br\/unidades-universitarias\/cachoeira-do-sul\/wp-json\/wp\/v2\/posts\/4094","targetHints":{"allow":["GET"]}}],"collection":[{"href":"https:\/\/www.ufsm.br\/unidades-universitarias\/cachoeira-do-sul\/wp-json\/wp\/v2\/posts"}],"about":[{"href":"https:\/\/www.ufsm.br\/unidades-universitarias\/cachoeira-do-sul\/wp-json\/wp\/v2\/types\/post"}],"author":[{"embeddable":true,"href":"https:\/\/www.ufsm.br\/unidades-universitarias\/cachoeira-do-sul\/wp-json\/wp\/v2\/users\/4522"}],"replies":[{"embeddable":true,"href":"https:\/\/www.ufsm.br\/unidades-universitarias\/cachoeira-do-sul\/wp-json\/wp\/v2\/comments?post=4094"}],"version-history":[{"count":0,"href":"https:\/\/www.ufsm.br\/unidades-universitarias\/cachoeira-do-sul\/wp-json\/wp\/v2\/posts\/4094\/revisions"}],"wp:attachment":[{"href":"https:\/\/www.ufsm.br\/unidades-universitarias\/cachoeira-do-sul\/wp-json\/wp\/v2\/media?parent=4094"}],"wp:term":[{"taxonomy":"category","embeddable":true,"href":"https:\/\/www.ufsm.br\/unidades-universitarias\/cachoeira-do-sul\/wp-json\/wp\/v2\/categories?post=4094"},{"taxonomy":"post_tag","embeddable":true,"href":"https:\/\/www.ufsm.br\/unidades-universitarias\/cachoeira-do-sul\/wp-json\/wp\/v2\/tags?post=4094"}],"curies":[{"name":"wp","href":"https:\/\/api.w.org\/{rel}","templated":true}]}}