{"id":4103,"date":"2022-12-06T08:14:29","date_gmt":"2022-12-06T11:14:29","guid":{"rendered":"https:\/\/www.ufsm.br\/unidades-universitarias\/cachoeira-do-sul\/?p=4103"},"modified":"2022-12-06T08:14:30","modified_gmt":"2022-12-06T11:14:30","slug":"semana-da-jai-na-ufsm-foi-marcada-por-troca-de-experiencias-com-empresas-da-regiao","status":"publish","type":"post","link":"https:\/\/www.ufsm.br\/unidades-universitarias\/cachoeira-do-sul\/2022\/12\/06\/semana-da-jai-na-ufsm-foi-marcada-por-troca-de-experiencias-com-empresas-da-regiao","title":{"rendered":"Semana da JAI na UFSM foi marcada por troca de experi\u00eancias com empresas da regi\u00e3o"},"content":{"rendered":"\n<p><img fetchpriority=\"high\" decoding=\"async\" class=\"aligncenter wp-image-4101\" src=\"https:\/\/www.ufsm.br\/app\/uploads\/sites\/376\/2022\/12\/ederval-1024x768.jpg\" alt=\"\" width=\"890\" height=\"668\" srcset=\"https:\/\/www.ufsm.br\/app\/uploads\/sites\/376\/2022\/12\/ederval-1024x768.jpg 1024w, https:\/\/www.ufsm.br\/app\/uploads\/sites\/376\/2022\/12\/ederval-300x225.jpg 300w, https:\/\/www.ufsm.br\/app\/uploads\/sites\/376\/2022\/12\/ederval-768x576.jpg 768w, https:\/\/www.ufsm.br\/app\/uploads\/sites\/376\/2022\/12\/ederval-1536x1152.jpg 1536w, https:\/\/www.ufsm.br\/app\/uploads\/sites\/376\/2022\/12\/ederval.jpg 1600w\" sizes=\"(max-width: 890px) 100vw, 890px\" \/><\/p>\n<p>Ocorrida entre os dias 07 a 11 de novembro desse ano a JAI organizada pelos Diret\u00f3rio Acad\u00eamico das Engenharias (DaEn) e Prof\u00ba Ederval Lisboa foi constitu\u00edda de diversas palestras e rodas de conversas.<\/p>\n<p>Na quarta-feira (09\/11) os docentes Ana Luisa, Camila Torres, Charles Rech e Maikson Tonatto compartilharam experi\u00eancias internacionais em pa\u00edses como Alemanha, Fran\u00e7a, Su\u00ed\u00e7a e It\u00e1lia. Na quinta-feira (10\/11) vieram da Ind\u00fastria Screw o CEO Eng. Robson e o Diretor Industrial Eng. Fabr\u00edcio, que trouxeram uma palestra enriquecedora abordando novos desafios da ind\u00fastria, atua\u00e7\u00e3o e posicionamento no mercado local e global, pol\u00edtica institucional, mercado de trabalho. Tamb\u00e9m estiveram presentes ex-alunos do nosso campus, numa Roda de conversa compartilhando experi\u00eancias em grandes empresas da regi\u00e3o atuando na \u00e1rea de Engenharia, dentre eles: Robert Rafael (mestrado ITA), Lucas Visnievki (Randon), C\u00e9zar Couto (Comil \u00f4nibus), Iuri (Hidratec), Aquiles Schauenber (Brunning Metals) e Gabriel (Screw).<\/p>\n","protected":false},"excerpt":{"rendered":"<p>Ocorrida entre os dias 07 a 11 de novembro desse ano a JAI organizada pelos Diret\u00f3rio Acad\u00eamico das Engenharias (DaEn) e Prof\u00ba Ederval Lisboa foi constitu\u00edda de diversas palestras e rodas de conversas. Na quarta-feira (09\/11) os docentes Ana Luisa, Camila Torres, Charles Rech e Maikson Tonatto compartilharam experi\u00eancias internacionais em pa\u00edses como Alemanha, Fran\u00e7a, [&hellip;]<\/p>\n","protected":false},"author":4522,"featured_media":0,"comment_status":"closed","ping_status":"closed","sticky":false,"template":"","format":"standard","meta":{"footnotes":""},"categories":[1],"tags":[],"class_list":["post-4103","post","type-post","status-publish","format-standard","hentry","category-noticias"],"acf":[],"_links":{"self":[{"href":"https:\/\/www.ufsm.br\/unidades-universitarias\/cachoeira-do-sul\/wp-json\/wp\/v2\/posts\/4103","targetHints":{"allow":["GET"]}}],"collection":[{"href":"https:\/\/www.ufsm.br\/unidades-universitarias\/cachoeira-do-sul\/wp-json\/wp\/v2\/posts"}],"about":[{"href":"https:\/\/www.ufsm.br\/unidades-universitarias\/cachoeira-do-sul\/wp-json\/wp\/v2\/types\/post"}],"author":[{"embeddable":true,"href":"https:\/\/www.ufsm.br\/unidades-universitarias\/cachoeira-do-sul\/wp-json\/wp\/v2\/users\/4522"}],"replies":[{"embeddable":true,"href":"https:\/\/www.ufsm.br\/unidades-universitarias\/cachoeira-do-sul\/wp-json\/wp\/v2\/comments?post=4103"}],"version-history":[{"count":0,"href":"https:\/\/www.ufsm.br\/unidades-universitarias\/cachoeira-do-sul\/wp-json\/wp\/v2\/posts\/4103\/revisions"}],"wp:attachment":[{"href":"https:\/\/www.ufsm.br\/unidades-universitarias\/cachoeira-do-sul\/wp-json\/wp\/v2\/media?parent=4103"}],"wp:term":[{"taxonomy":"category","embeddable":true,"href":"https:\/\/www.ufsm.br\/unidades-universitarias\/cachoeira-do-sul\/wp-json\/wp\/v2\/categories?post=4103"},{"taxonomy":"post_tag","embeddable":true,"href":"https:\/\/www.ufsm.br\/unidades-universitarias\/cachoeira-do-sul\/wp-json\/wp\/v2\/tags?post=4103"}],"curies":[{"name":"wp","href":"https:\/\/api.w.org\/{rel}","templated":true}]}}