{"id":4108,"date":"2022-12-06T10:40:10","date_gmt":"2022-12-06T13:40:10","guid":{"rendered":"https:\/\/www.ufsm.br\/unidades-universitarias\/cachoeira-do-sul\/?p=4108"},"modified":"2022-12-12T10:29:12","modified_gmt":"2022-12-12T13:29:12","slug":"primeira-edicao-do-viva-o-campus-cachoeira-do-sul-foi-realizada-no-final-de-novembro","status":"publish","type":"post","link":"https:\/\/www.ufsm.br\/unidades-universitarias\/cachoeira-do-sul\/2022\/12\/06\/primeira-edicao-do-viva-o-campus-cachoeira-do-sul-foi-realizada-no-final-de-novembro","title":{"rendered":"Primeira edi\u00e7\u00e3o do Viva o Campus Cachoeira do Sul foi realizada no final de novembro"},"content":{"rendered":"\n<p><img fetchpriority=\"high\" decoding=\"async\" class=\"aligncenter wp-image-4107\" src=\"https:\/\/www.ufsm.br\/app\/uploads\/sites\/376\/2022\/12\/20221127_164156-300x169.jpg\" alt=\"\" width=\"920\" height=\"518\" srcset=\"https:\/\/www.ufsm.br\/app\/uploads\/sites\/376\/2022\/12\/20221127_164156-300x169.jpg 300w, https:\/\/www.ufsm.br\/app\/uploads\/sites\/376\/2022\/12\/20221127_164156-1024x576.jpg 1024w, https:\/\/www.ufsm.br\/app\/uploads\/sites\/376\/2022\/12\/20221127_164156-768x432.jpg 768w, https:\/\/www.ufsm.br\/app\/uploads\/sites\/376\/2022\/12\/20221127_164156-1536x864.jpg 1536w, https:\/\/www.ufsm.br\/app\/uploads\/sites\/376\/2022\/12\/20221127_164156.jpg 1920w\" sizes=\"(max-width: 920px) 100vw, 920px\" \/><\/p>\n<p>Realizado desde 2018 em Santa Maria a edi\u00e7\u00e3o do evento chegou em Cachoeira do Sul, ocorrido em 27 de novembro do corrente ano, a primeira edi\u00e7\u00e3o do Viva o Campus em Cachoeira do Sul reuniu mais de 30 expositores do Mercado de Pulgas local. Al\u00e9m disso, a r\u00e1dio Fan FM foi respons\u00e1vel pela anima\u00e7\u00e3o musical, transmitindo a programa\u00e7\u00e3o direto do campus da UFSM em Cachoeira do Sul. A Cafeteria Polo da Prosa juntamente com expositores de produtos coloniais locais foram respons\u00e1veis pela alimenta\u00e7\u00e3o no local<\/p>\n<p><img decoding=\"async\" class=\"aligncenter wp-image-4109\" src=\"https:\/\/www.ufsm.br\/app\/uploads\/sites\/376\/2022\/12\/20221127_170354-300x169.jpg\" alt=\"\" width=\"500\" height=\"281\" srcset=\"https:\/\/www.ufsm.br\/app\/uploads\/sites\/376\/2022\/12\/20221127_170354-300x169.jpg 300w, https:\/\/www.ufsm.br\/app\/uploads\/sites\/376\/2022\/12\/20221127_170354-1024x576.jpg 1024w, https:\/\/www.ufsm.br\/app\/uploads\/sites\/376\/2022\/12\/20221127_170354-768x432.jpg 768w, https:\/\/www.ufsm.br\/app\/uploads\/sites\/376\/2022\/12\/20221127_170354-1536x864.jpg 1536w, https:\/\/www.ufsm.br\/app\/uploads\/sites\/376\/2022\/12\/20221127_170354.jpg 1920w\" sizes=\"(max-width: 500px) 100vw, 500px\" \/><\/p>\n<p>Essa foi a primeira de muitas edi\u00e7\u00f5es do evento buscando incentivar a participa\u00e7\u00e3o da comunidade e promovendo uma maior integra\u00e7\u00e3o universidade\/comunidade com a expectativa de transformar o campus da UFSM no munic\u00edpio em um espa\u00e7o de lazer para todos os cachoeirenses.<\/p>\n<p><img decoding=\"async\" class=\"aligncenter wp-image-4110\" src=\"https:\/\/www.ufsm.br\/app\/uploads\/sites\/376\/2022\/12\/20221127_171213-300x169.jpg\" alt=\"\" width=\"500\" height=\"281\" srcset=\"https:\/\/www.ufsm.br\/app\/uploads\/sites\/376\/2022\/12\/20221127_171213-300x169.jpg 300w, https:\/\/www.ufsm.br\/app\/uploads\/sites\/376\/2022\/12\/20221127_171213-1024x576.jpg 1024w, https:\/\/www.ufsm.br\/app\/uploads\/sites\/376\/2022\/12\/20221127_171213-768x432.jpg 768w, https:\/\/www.ufsm.br\/app\/uploads\/sites\/376\/2022\/12\/20221127_171213-1536x864.jpg 1536w, https:\/\/www.ufsm.br\/app\/uploads\/sites\/376\/2022\/12\/20221127_171213.jpg 1920w\" sizes=\"(max-width: 500px) 100vw, 500px\" \/><\/p>\n\n\n","protected":false},"excerpt":{"rendered":"<p>Realizado desde 2018 em Santa Maria a edi\u00e7\u00e3o do evento chegou em Cachoeira do Sul, ocorrido em 27 de novembro do corrente ano, a primeira edi\u00e7\u00e3o do Viva o Campus em Cachoeira do Sul reuniu mais de 30 expositores do Mercado de Pulgas local. Al\u00e9m disso, a r\u00e1dio Fan FM foi respons\u00e1vel pela anima\u00e7\u00e3o musical, [&hellip;]<\/p>\n","protected":false},"author":4522,"featured_media":4131,"comment_status":"closed","ping_status":"closed","sticky":false,"template":"","format":"standard","meta":{"footnotes":""},"categories":[21,1],"tags":[],"class_list":["post-4108","post","type-post","status-publish","format-standard","has-post-thumbnail","hentry","category-banner","category-noticias"],"acf":[],"_links":{"self":[{"href":"https:\/\/www.ufsm.br\/unidades-universitarias\/cachoeira-do-sul\/wp-json\/wp\/v2\/posts\/4108","targetHints":{"allow":["GET"]}}],"collection":[{"href":"https:\/\/www.ufsm.br\/unidades-universitarias\/cachoeira-do-sul\/wp-json\/wp\/v2\/posts"}],"about":[{"href":"https:\/\/www.ufsm.br\/unidades-universitarias\/cachoeira-do-sul\/wp-json\/wp\/v2\/types\/post"}],"author":[{"embeddable":true,"href":"https:\/\/www.ufsm.br\/unidades-universitarias\/cachoeira-do-sul\/wp-json\/wp\/v2\/users\/4522"}],"replies":[{"embeddable":true,"href":"https:\/\/www.ufsm.br\/unidades-universitarias\/cachoeira-do-sul\/wp-json\/wp\/v2\/comments?post=4108"}],"version-history":[{"count":0,"href":"https:\/\/www.ufsm.br\/unidades-universitarias\/cachoeira-do-sul\/wp-json\/wp\/v2\/posts\/4108\/revisions"}],"wp:featuredmedia":[{"embeddable":true,"href":"https:\/\/www.ufsm.br\/unidades-universitarias\/cachoeira-do-sul\/wp-json\/wp\/v2\/media\/4131"}],"wp:attachment":[{"href":"https:\/\/www.ufsm.br\/unidades-universitarias\/cachoeira-do-sul\/wp-json\/wp\/v2\/media?parent=4108"}],"wp:term":[{"taxonomy":"category","embeddable":true,"href":"https:\/\/www.ufsm.br\/unidades-universitarias\/cachoeira-do-sul\/wp-json\/wp\/v2\/categories?post=4108"},{"taxonomy":"post_tag","embeddable":true,"href":"https:\/\/www.ufsm.br\/unidades-universitarias\/cachoeira-do-sul\/wp-json\/wp\/v2\/tags?post=4108"}],"curies":[{"name":"wp","href":"https:\/\/api.w.org\/{rel}","templated":true}]}}