{"id":4117,"date":"2022-12-06T16:57:05","date_gmt":"2022-12-06T19:57:05","guid":{"rendered":"https:\/\/www.ufsm.br\/unidades-universitarias\/cachoeira-do-sul\/?p=4117"},"modified":"2022-12-06T20:56:31","modified_gmt":"2022-12-06T23:56:31","slug":"projeto-da-ufsm-cs-promove-visita-de-escolas-e-estudantes-do-ensino-medio-na-universidade","status":"publish","type":"post","link":"https:\/\/www.ufsm.br\/unidades-universitarias\/cachoeira-do-sul\/2022\/12\/06\/projeto-da-ufsm-cs-promove-visita-de-escolas-e-estudantes-do-ensino-medio-na-universidade","title":{"rendered":"Projeto da UFSM-CS promove visita de escolas e estudantes do ensino m\u00e9dio na Universidade"},"content":{"rendered":"\n<p><img fetchpriority=\"high\" decoding=\"async\" class=\"aligncenter wp-image-4113\" src=\"https:\/\/www.ufsm.br\/app\/uploads\/sites\/376\/2022\/12\/IMG_2338-300x200.jpg\" alt=\"\" width=\"910\" height=\"607\" srcset=\"https:\/\/www.ufsm.br\/app\/uploads\/sites\/376\/2022\/12\/IMG_2338-300x200.jpg 300w, https:\/\/www.ufsm.br\/app\/uploads\/sites\/376\/2022\/12\/IMG_2338-1024x683.jpg 1024w, https:\/\/www.ufsm.br\/app\/uploads\/sites\/376\/2022\/12\/IMG_2338-768x512.jpg 768w, https:\/\/www.ufsm.br\/app\/uploads\/sites\/376\/2022\/12\/IMG_2338-1536x1024.jpg 1536w, https:\/\/www.ufsm.br\/app\/uploads\/sites\/376\/2022\/12\/IMG_2338-272x182.jpg 272w, https:\/\/www.ufsm.br\/app\/uploads\/sites\/376\/2022\/12\/IMG_2338.jpg 1920w\" sizes=\"(max-width: 910px) 100vw, 910px\" \/><\/p>\n<p><span style=\"font-weight: 400\"><img decoding=\"async\" class=\"alignright wp-image-4112\" src=\"https:\/\/www.ufsm.br\/app\/uploads\/sites\/376\/2022\/12\/IMG_2148-300x200.jpg\" alt=\"\" width=\"360\" height=\"240\" srcset=\"https:\/\/www.ufsm.br\/app\/uploads\/sites\/376\/2022\/12\/IMG_2148-300x200.jpg 300w, https:\/\/www.ufsm.br\/app\/uploads\/sites\/376\/2022\/12\/IMG_2148-1024x683.jpg 1024w, https:\/\/www.ufsm.br\/app\/uploads\/sites\/376\/2022\/12\/IMG_2148-768x512.jpg 768w, https:\/\/www.ufsm.br\/app\/uploads\/sites\/376\/2022\/12\/IMG_2148-1536x1024.jpg 1536w, https:\/\/www.ufsm.br\/app\/uploads\/sites\/376\/2022\/12\/IMG_2148-272x182.jpg 272w, https:\/\/www.ufsm.br\/app\/uploads\/sites\/376\/2022\/12\/IMG_2148.jpg 1920w\" sizes=\"(max-width: 360px) 100vw, 360px\" \/><\/span><\/p>\n<p>\u00a0<\/p>\n<p><span style=\"font-weight: 400\">O que fazer ap\u00f3s o ensino m\u00e9dio? Como \u00e9 o cotidiano de uma universidade e como ser\u00e3o os cursos? entre tantos outros questionamentos e pensando em auxiliar os jovens neste momento de incertezas, o projeto de extens\u00e3o \u201cTrilhas\u201d quer oportunizar aos alunos de ensino fundamental e m\u00e9dio, um contato mais direto com a universidade.<\/span><\/p>\n<p><span style=\"font-weight: 400\">Durante o m\u00eas de novembro foram realizadas visitas de escolas de ensino m\u00e9dio de Cachoeira do Sul ao Campus UFSM no munic\u00edpio. A parceria com as escolas foi fundamental para as visitas, mesmo no per\u00edodo de encerramento do ano letivo.<\/span><\/p>\n<p>\u00a0<\/p>\n<p>\u00a0<\/p>\n<p><span style=\"font-weight: 400\"><img decoding=\"async\" class=\"alignright wp-image-4115\" src=\"https:\/\/www.ufsm.br\/app\/uploads\/sites\/376\/2022\/12\/IMG_2233-e1670355589514-300x200.jpg\" alt=\"\" width=\"360\" height=\"240\" srcset=\"https:\/\/www.ufsm.br\/app\/uploads\/sites\/376\/2022\/12\/IMG_2233-e1670355589514-300x200.jpg 300w, https:\/\/www.ufsm.br\/app\/uploads\/sites\/376\/2022\/12\/IMG_2233-e1670355589514-272x182.jpg 272w, https:\/\/www.ufsm.br\/app\/uploads\/sites\/376\/2022\/12\/IMG_2233-e1670355589514.jpg 350w\" sizes=\"(max-width: 360px) 100vw, 360px\" \/>Foram mais de 500 alunos que visitaram o campus, conhecendo os laborat\u00f3rios dos cursos e projetos desenvolvidos, al\u00e9m da intera\u00e7\u00e3o com estudantes da UFSM.\u00a0Assim, o projeto busca aproxima\u00e7\u00e3o entre a universidade e as escolas, mostrando que existe em Cachoeira do Sul um campus da UFSM que oferece um ensino gratuito e de qualidade.<br \/><\/span><\/p>\n<p>Atualmente, o projeto Trilhas conta com colabora\u00e7\u00e3o de todo campus da UFSM em Cachoeira do Sul, envolvendo professores, alunos bolsistas e t\u00e9cnicos administrativos.<\/p>\n","protected":false},"excerpt":{"rendered":"<p>\u00a0 O que fazer ap\u00f3s o ensino m\u00e9dio? Como \u00e9 o cotidiano de uma universidade e como ser\u00e3o os cursos? entre tantos outros questionamentos e pensando em auxiliar os jovens neste momento de incertezas, o projeto de extens\u00e3o \u201cTrilhas\u201d quer oportunizar aos alunos de ensino fundamental e m\u00e9dio, um contato mais direto com a universidade. [&hellip;]<\/p>\n","protected":false},"author":4522,"featured_media":0,"comment_status":"closed","ping_status":"closed","sticky":false,"template":"","format":"standard","meta":{"footnotes":""},"categories":[1],"tags":[],"class_list":["post-4117","post","type-post","status-publish","format-standard","hentry","category-noticias"],"acf":[],"_links":{"self":[{"href":"https:\/\/www.ufsm.br\/unidades-universitarias\/cachoeira-do-sul\/wp-json\/wp\/v2\/posts\/4117","targetHints":{"allow":["GET"]}}],"collection":[{"href":"https:\/\/www.ufsm.br\/unidades-universitarias\/cachoeira-do-sul\/wp-json\/wp\/v2\/posts"}],"about":[{"href":"https:\/\/www.ufsm.br\/unidades-universitarias\/cachoeira-do-sul\/wp-json\/wp\/v2\/types\/post"}],"author":[{"embeddable":true,"href":"https:\/\/www.ufsm.br\/unidades-universitarias\/cachoeira-do-sul\/wp-json\/wp\/v2\/users\/4522"}],"replies":[{"embeddable":true,"href":"https:\/\/www.ufsm.br\/unidades-universitarias\/cachoeira-do-sul\/wp-json\/wp\/v2\/comments?post=4117"}],"version-history":[{"count":0,"href":"https:\/\/www.ufsm.br\/unidades-universitarias\/cachoeira-do-sul\/wp-json\/wp\/v2\/posts\/4117\/revisions"}],"wp:attachment":[{"href":"https:\/\/www.ufsm.br\/unidades-universitarias\/cachoeira-do-sul\/wp-json\/wp\/v2\/media?parent=4117"}],"wp:term":[{"taxonomy":"category","embeddable":true,"href":"https:\/\/www.ufsm.br\/unidades-universitarias\/cachoeira-do-sul\/wp-json\/wp\/v2\/categories?post=4117"},{"taxonomy":"post_tag","embeddable":true,"href":"https:\/\/www.ufsm.br\/unidades-universitarias\/cachoeira-do-sul\/wp-json\/wp\/v2\/tags?post=4117"}],"curies":[{"name":"wp","href":"https:\/\/api.w.org\/{rel}","templated":true}]}}