{"id":4130,"date":"2022-12-12T10:46:16","date_gmt":"2022-12-12T13:46:16","guid":{"rendered":"https:\/\/www.ufsm.br\/unidades-universitarias\/cachoeira-do-sul\/?p=4130"},"modified":"2022-12-12T10:46:18","modified_gmt":"2022-12-12T13:46:18","slug":"ufsm-cs-realizou-acoes-conjunta-com-a-coordenadoria-regional-de-saude-e-faculdade-de-enfermagem-no-mes-de-novembro","status":"publish","type":"post","link":"https:\/\/www.ufsm.br\/unidades-universitarias\/cachoeira-do-sul\/2022\/12\/12\/ufsm-cs-realizou-acoes-conjunta-com-a-coordenadoria-regional-de-saude-e-faculdade-de-enfermagem-no-mes-de-novembro","title":{"rendered":"UFSM-CS realizou a\u00e7\u00f5es conjunta com a Coordenadoria Regional de Sa\u00fade e Faculdade de Enfermagem no m\u00eas de novembro"},"content":{"rendered":"\n<p><img fetchpriority=\"high\" decoding=\"async\" class=\"aligncenter wp-image-4128 size-large\" src=\"https:\/\/www.ufsm.br\/app\/uploads\/sites\/376\/2022\/12\/20221129_154305-1024x498.jpg\" alt=\"\" width=\"1024\" height=\"498\" srcset=\"https:\/\/www.ufsm.br\/app\/uploads\/sites\/376\/2022\/12\/20221129_154305-1024x498.jpg 1024w, https:\/\/www.ufsm.br\/app\/uploads\/sites\/376\/2022\/12\/20221129_154305-300x146.jpg 300w, https:\/\/www.ufsm.br\/app\/uploads\/sites\/376\/2022\/12\/20221129_154305-768x373.jpg 768w, https:\/\/www.ufsm.br\/app\/uploads\/sites\/376\/2022\/12\/20221129_154305-1536x746.jpg 1536w, https:\/\/www.ufsm.br\/app\/uploads\/sites\/376\/2022\/12\/20221129_154305.jpg 1920w\" sizes=\"(max-width: 1024px) 100vw, 1024px\" \/><\/p>\n<p>No dia 29 de novembro, a UFSM-CS recebeu profissionais da 8\u00aa Coordenadoria Regional de Sa\u00fade e da Faculdade de Enfermagem da Ulbra para prestar orienta\u00e7\u00f5es sobre o combate ao c\u00e2ncer de pr\u00f3stata, em refer\u00eancia ao Novembro Azul.<\/p>\n<p>Al\u00e9m de orienta\u00e7\u00f5es sobre cuidados para prevenir o c\u00e2ncer de pr\u00f3stata, tamb\u00e9m foram feitos testes de aferi\u00e7\u00e3o de press\u00e3o, teste de glicose, teste r\u00e1pido de HIV e s\u00edfilis.<\/p>\n<p>\u00a0<\/p>\n","protected":false},"excerpt":{"rendered":"<p>No dia 29 de novembro, a UFSM-CS recebeu profissionais da 8\u00aa Coordenadoria Regional de Sa\u00fade e da Faculdade de Enfermagem da Ulbra para prestar orienta\u00e7\u00f5es sobre o combate ao c\u00e2ncer de pr\u00f3stata, em refer\u00eancia ao Novembro Azul. Al\u00e9m de orienta\u00e7\u00f5es sobre cuidados para prevenir o c\u00e2ncer de pr\u00f3stata, tamb\u00e9m foram feitos testes de aferi\u00e7\u00e3o de [&hellip;]<\/p>\n","protected":false},"author":4522,"featured_media":0,"comment_status":"closed","ping_status":"closed","sticky":false,"template":"","format":"standard","meta":{"footnotes":""},"categories":[1],"tags":[],"class_list":["post-4130","post","type-post","status-publish","format-standard","hentry","category-noticias"],"acf":[],"_links":{"self":[{"href":"https:\/\/www.ufsm.br\/unidades-universitarias\/cachoeira-do-sul\/wp-json\/wp\/v2\/posts\/4130","targetHints":{"allow":["GET"]}}],"collection":[{"href":"https:\/\/www.ufsm.br\/unidades-universitarias\/cachoeira-do-sul\/wp-json\/wp\/v2\/posts"}],"about":[{"href":"https:\/\/www.ufsm.br\/unidades-universitarias\/cachoeira-do-sul\/wp-json\/wp\/v2\/types\/post"}],"author":[{"embeddable":true,"href":"https:\/\/www.ufsm.br\/unidades-universitarias\/cachoeira-do-sul\/wp-json\/wp\/v2\/users\/4522"}],"replies":[{"embeddable":true,"href":"https:\/\/www.ufsm.br\/unidades-universitarias\/cachoeira-do-sul\/wp-json\/wp\/v2\/comments?post=4130"}],"version-history":[{"count":0,"href":"https:\/\/www.ufsm.br\/unidades-universitarias\/cachoeira-do-sul\/wp-json\/wp\/v2\/posts\/4130\/revisions"}],"wp:attachment":[{"href":"https:\/\/www.ufsm.br\/unidades-universitarias\/cachoeira-do-sul\/wp-json\/wp\/v2\/media?parent=4130"}],"wp:term":[{"taxonomy":"category","embeddable":true,"href":"https:\/\/www.ufsm.br\/unidades-universitarias\/cachoeira-do-sul\/wp-json\/wp\/v2\/categories?post=4130"},{"taxonomy":"post_tag","embeddable":true,"href":"https:\/\/www.ufsm.br\/unidades-universitarias\/cachoeira-do-sul\/wp-json\/wp\/v2\/tags?post=4130"}],"curies":[{"name":"wp","href":"https:\/\/api.w.org\/{rel}","templated":true}]}}