{"id":4145,"date":"2022-12-14T11:01:39","date_gmt":"2022-12-14T14:01:39","guid":{"rendered":"https:\/\/www.ufsm.br\/unidades-universitarias\/cachoeira-do-sul\/?p=4145"},"modified":"2022-12-14T11:01:40","modified_gmt":"2022-12-14T14:01:40","slug":"ufsm-cs-recebe-premios-no-54o-jantar-dos-destaques-de-cachoeira-do-sul","status":"publish","type":"post","link":"https:\/\/www.ufsm.br\/unidades-universitarias\/cachoeira-do-sul\/2022\/12\/14\/ufsm-cs-recebe-premios-no-54o-jantar-dos-destaques-de-cachoeira-do-sul","title":{"rendered":"UFSM-CS recebe pr\u00eamios no 54\u00ba Jantar dos Destaques de Cachoeira do Sul"},"content":{"rendered":"\n<figure id=\"attachment_4147\" aria-describedby=\"caption-attachment-4147\" style=\"width: 300px\" class=\"wp-caption alignright\"><a href=\"https:\/\/www.ufsm.br\/app\/uploads\/sites\/376\/2022\/12\/319542812_209637851458202_1477130094104388805_n.jpg\"><img fetchpriority=\"high\" decoding=\"async\" class=\"wp-image-4147 size-medium\" src=\"https:\/\/www.ufsm.br\/app\/uploads\/sites\/376\/2022\/12\/319542812_209637851458202_1477130094104388805_n-300x300.jpg\" alt=\"\" width=\"300\" height=\"300\" srcset=\"https:\/\/www.ufsm.br\/app\/uploads\/sites\/376\/2022\/12\/319542812_209637851458202_1477130094104388805_n-300x300.jpg 300w, https:\/\/www.ufsm.br\/app\/uploads\/sites\/376\/2022\/12\/319542812_209637851458202_1477130094104388805_n-1024x1024.jpg 1024w, https:\/\/www.ufsm.br\/app\/uploads\/sites\/376\/2022\/12\/319542812_209637851458202_1477130094104388805_n-150x150.jpg 150w, https:\/\/www.ufsm.br\/app\/uploads\/sites\/376\/2022\/12\/319542812_209637851458202_1477130094104388805_n-768x768.jpg 768w, https:\/\/www.ufsm.br\/app\/uploads\/sites\/376\/2022\/12\/319542812_209637851458202_1477130094104388805_n.jpg 1200w\" sizes=\"(max-width: 300px) 100vw, 300px\" \/><\/a><figcaption id=\"caption-attachment-4147\" class=\"wp-caption-text\"><em><strong>Representantes da UFSM-CS durante o Jantar dos Destaques<\/strong><\/em><\/figcaption><\/figure><p align=\"justify\">Na noite do \u00faltimo s\u00e1bado (10), o trabalho desenvolvido pelo campus da UFSM em Cachoeira do Sul foi reconhecido e premiado no 54\u00ba Jantar dos Destaques. O evento tem como objetivo reconhecer empresas, personalidades e iniciativas de sucesso do munic\u00edpio.<\/p>\n<p align=\"justify\">Em 2022, foram 29 agraciados em 14 categorias. A escolha foi baseada na sugest\u00e3o da comunidade. Segundo M\u00e1rcio Vieira da Cunha, um dos respons\u00e1veis pela organiza\u00e7\u00e3o do evento, \u201cos premiados s\u00e3o espelhos para muitas pessoas. Suas trajet\u00f3rias e feitos orgulham nossa cidade e inspiram pessoas. Aplaudi-los \u00e9 um incentivo para eles continuem fazendo algo a mais para si mesmos e para o coletivo da nossa Cachoeira do Sul\u201d.<\/p>\n<p align=\"justify\">Neste ano, o campus da UFSM em Cachoeira do Sul recebeu duas premia\u00e7\u00f5es: o M\u00e9rito de Compet\u00eancia Profissional pelas patentes registradas pelo Laborat\u00f3rio de S\u00edntese e Caracteriza\u00e7\u00e3o de Nanomateriais (LSCNano) e pelo projeto desenvolvido pelo curso de Arquitetura e Urbanismo para o P\u00f3rtico da cidade. O diretor do campus, Anderson Dal Molin, agradeceu o reconhecimento e parabenizou o trabalho desenvolvido em 2022 por toda a comunidade acad\u00eamica.<\/p>\n<p align=\"justify\">\u00a0<\/p>\n<p align=\"justify\"><b>Projeto do curso de Arquitetura e Urbanismo d\u00e1 vida ao p\u00f3rtico de Cachoeira do Sul<\/b><\/p><figure id=\"attachment_4148\" aria-describedby=\"caption-attachment-4148\" style=\"width: 300px\" class=\"wp-caption alignleft\"><a href=\"https:\/\/www.ufsm.br\/app\/uploads\/sites\/376\/2022\/12\/319503157_209637841458203_312518897479612342_n.jpg\"><img decoding=\"async\" class=\"wp-image-4148 size-medium\" src=\"https:\/\/www.ufsm.br\/app\/uploads\/sites\/376\/2022\/12\/319503157_209637841458203_312518897479612342_n-300x300.jpg\" alt=\"\" width=\"300\" height=\"300\" srcset=\"https:\/\/www.ufsm.br\/app\/uploads\/sites\/376\/2022\/12\/319503157_209637841458203_312518897479612342_n-300x300.jpg 300w, https:\/\/www.ufsm.br\/app\/uploads\/sites\/376\/2022\/12\/319503157_209637841458203_312518897479612342_n-1024x1024.jpg 1024w, https:\/\/www.ufsm.br\/app\/uploads\/sites\/376\/2022\/12\/319503157_209637841458203_312518897479612342_n-150x150.jpg 150w, https:\/\/www.ufsm.br\/app\/uploads\/sites\/376\/2022\/12\/319503157_209637841458203_312518897479612342_n-768x768.jpg 768w, https:\/\/www.ufsm.br\/app\/uploads\/sites\/376\/2022\/12\/319503157_209637841458203_312518897479612342_n.jpg 1200w\" sizes=\"(max-width: 300px) 100vw, 300px\" \/><\/a><figcaption id=\"caption-attachment-4148\" class=\"wp-caption-text\"><em><strong>Professor Samuel Brito e o diretor Anderson Dal Molin<\/strong><\/em><\/figcaption><\/figure><p align=\"justify\">Inaugurado em outubro de 2022, o p\u00f3rtico de Cachoeira do Sul mudou a vista que quem chega ao Munic\u00edpio pela BR153m no Bairro F\u00e1tima. O projeto foi desenvolvido pelo curso de Arquitetura e Urbanismo do campus, atrav\u00e9s da disciplina \u201cProjetos Colaborativos\u201d, que fez parte do curr\u00edculo complementar do curso e foi ministrada pelos professores Samuel Brito, Ver\u00f4nica Donoso e Luciani Lens. Ao todo, 25 alunos, que cursaram a disciplina, tamb\u00e9m s\u00e3o coautores do projeto.<\/p><figure id=\"attachment_4150\" aria-describedby=\"caption-attachment-4150\" style=\"width: 347px\" class=\"wp-caption alignright\"><a href=\"https:\/\/www.ufsm.br\/app\/uploads\/sites\/376\/2022\/12\/3fbcb2ade9b1eba79b9cc27b212bd0ff.jpg\"><img decoding=\"async\" class=\"wp-image-4150\" src=\"https:\/\/www.ufsm.br\/app\/uploads\/sites\/376\/2022\/12\/3fbcb2ade9b1eba79b9cc27b212bd0ff-300x225.jpg\" alt=\"\" width=\"347\" height=\"260\" srcset=\"https:\/\/www.ufsm.br\/app\/uploads\/sites\/376\/2022\/12\/3fbcb2ade9b1eba79b9cc27b212bd0ff-300x225.jpg 300w, https:\/\/www.ufsm.br\/app\/uploads\/sites\/376\/2022\/12\/3fbcb2ade9b1eba79b9cc27b212bd0ff-768x575.jpg 768w, https:\/\/www.ufsm.br\/app\/uploads\/sites\/376\/2022\/12\/3fbcb2ade9b1eba79b9cc27b212bd0ff.jpg 800w\" sizes=\"(max-width: 347px) 100vw, 347px\" \/><\/a><figcaption id=\"caption-attachment-4150\" class=\"wp-caption-text\"><em><strong>Vista a\u00e9rea do p\u00f3rtico. Imagem: Prefeitura de Cachoeira do Sul<\/strong><\/em><\/figcaption><\/figure><p align=\"justify\">Considerado um marco para a cidade, o espa\u00e7o tem como objetivo se tornar ponto de encontro de fam\u00edlias gra\u00e7as \u00e0 estrutura de lazer que oferece. A estrutura do p\u00f3rtico conta com 7 postes met\u00e1licos e mais um totem luminoso com tr\u00eas lados em cada lado da via, que trazem o nome da cidade, logomarca das empresas parceiras e a descri\u00e7\u00e3o \u201cBem-vindo\u201d para quem chega e \u201cBoa Viagem\u201d para quem est\u00e1 deixando a cidade. Estes postes met\u00e1licos simbolizam as pan\u00edculas arroz, em uma refer\u00eancia ao munic\u00edpio, capital nacional e estadual do arroz. O local ainda conta com uma escadaria e estacionamento para os ve\u00edculos, al\u00e9m de 10 bancos de concreto, postes de ilumina\u00e7\u00e3o e pavimenta\u00e7\u00e3o da \u00e1rea com blocos intertravados de concreto. O espa\u00e7o tem internet e rede wi-fi liberada e ainda um dispenser com \u00e1gua quente e \u00e1gua fria e outro com \u00e1gua para pets. Um espa\u00e7o com letreiro escrito \u201cCachoeira do Sul\u201d e um cora\u00e7\u00e3o ao lado tamb\u00e9m foi constru\u00eddo.<\/p>\n<p align=\"justify\">\u00a0<\/p>\n<p align=\"justify\"><b>LSCNano <\/b><b>registra <\/b><b>tr\u00eas<\/b><b> patentes em 2022<\/b><\/p><figure id=\"attachment_4149\" aria-describedby=\"caption-attachment-4149\" style=\"width: 300px\" class=\"wp-caption alignleft\"><a href=\"https:\/\/www.ufsm.br\/app\/uploads\/sites\/376\/2022\/12\/319278282_209637844791536_913118867923589746_n.jpg\"><img loading=\"lazy\" decoding=\"async\" class=\"wp-image-4149 size-medium\" src=\"https:\/\/www.ufsm.br\/app\/uploads\/sites\/376\/2022\/12\/319278282_209637844791536_913118867923589746_n-300x300.jpg\" alt=\"\" width=\"300\" height=\"300\" srcset=\"https:\/\/www.ufsm.br\/app\/uploads\/sites\/376\/2022\/12\/319278282_209637844791536_913118867923589746_n-300x300.jpg 300w, https:\/\/www.ufsm.br\/app\/uploads\/sites\/376\/2022\/12\/319278282_209637844791536_913118867923589746_n-1024x1024.jpg 1024w, https:\/\/www.ufsm.br\/app\/uploads\/sites\/376\/2022\/12\/319278282_209637844791536_913118867923589746_n-150x150.jpg 150w, https:\/\/www.ufsm.br\/app\/uploads\/sites\/376\/2022\/12\/319278282_209637844791536_913118867923589746_n-768x768.jpg 768w, https:\/\/www.ufsm.br\/app\/uploads\/sites\/376\/2022\/12\/319278282_209637844791536_913118867923589746_n.jpg 1200w\" sizes=\"(max-width: 300px) 100vw, 300px\" \/><\/a><figcaption id=\"caption-attachment-4149\" class=\"wp-caption-text\"><strong><em>Professor Jocenir Boita e diretor Anderson Dal Molin<\/em><\/strong><\/figcaption><\/figure><p align=\"justify\">Durante o ano de 2022, o Laborat\u00f3rio de S\u00edntese e Caracteriza\u00e7\u00e3o de Nanomateriais (LSCNano), do campus da UFSM em Cachoeira do Sul, registrou tr\u00eas patentes. Ao todo, o LSCNano j\u00e1 acumula seis patentes registradas, mostrando a import\u00e2ncia da pesquisa para o desenvolvimento.<\/p>\n<p align=\"justify\">A primeira carta-patente foi concedida ao Laborat\u00f3rio em 2017 e tem como t\u00edtulo <b>\u201cProcesso de Obten\u00e7\u00e3o de Nanocomp\u00f3sito\u201d<\/b>. J\u00e1 em 2019, o LSCNano obteve sua segunda patente, intitulada <b>\u201cBloco de concreto celular nanoestruturado processo de obten\u00e7\u00e3o de blocos de concreto celular nanoestruturado, uso de cinza de casca de arroz, uso de res\u00edduo de \u00e1gata e uso de nanocomp\u00f3sito\u201d<\/b>. Em 2020, a terceira patente, como o t\u00edtulo <b>\u201cProcesso de obten\u00e7\u00e3o de catalisador de ferro met\u00e1lico, processo de cat\u00e1lise e uso de um catalisador\u201d<\/b>, foi cedida do campus da UFSM em Cachoeira do Sul.<\/p>\n<p align=\"justify\">J\u00e1 em 2022, o LSCNano conseguir o registro de mais tr\u00eas patentes. A patente de inven\u00e7\u00e3o intitulada <b>\u201cSupercapacitor eletroqu\u00edmico l\u00edquido fotossens\u00edvel e m\u00e9todo de produ\u00e7\u00e3o\u201d <\/b>defende uma nova tecnologia que corresponde a uma quebra de paradigma na Ci\u00eancia que a conhecemos, principalmente voltada a \u00e1rea de armazenamento de energia na forma capacitiva. O supercapacitor a base de nanopart\u00edculas de Fe n\u00e3o necessita de um circuito el\u00e9trico para seu carregamento, pois se enquadra em tecnologias renov\u00e1veis, utilizando-se da pr\u00f3pria luz artificial ou natural para seu carregamento, o qual pode permanecer em atividade por d\u00e9cadas. A sua capacit\u00e2ncia com apenas 1 ml de solu\u00e7\u00e3o, atinge valores na ordem de Farad (F). Esta tecnologia pode vir a auxiliar os sistemas de armazenamento de energia, de forma mais econ\u00f4mica e sustent\u00e1vel.<\/p>\n<p align=\"justify\">J\u00e1 a patente intitulada <b>\u201c<\/b><b>Artefato Ciment\u00edcio Ecol\u00f3gico Condutor e Gerador de Energia Fotovoltaica e Higroel\u00e9trica\u201d<\/b> possui capacidade de coleta e armazenamento de energia por fonte alternativa, Fotovoltaica, Higroel\u00e9trica ou H\u00edbrida, com capacidade de gera\u00e7\u00e3o de voltagem de at\u00e9 400 mV e amperagem de at\u00e9 0,35 mA por uma \u00e1rea de 0,004 m\u00b2. Isso em escala industrial pode ser uma nova alternativa de gera\u00e7\u00e3o de energia, podendo ser utilizado com fontes de luz natural ou artificial durante o dia, umidade ou chuva durante a noite diretamente em contato com o artefato, combinadas de forma H\u00edbrida tanto durante o dia quanto a noite, ou seja em 100 % do tempo, gera eletricidade. Esta descoberta se baseia em conceitos de F\u00edsica voltados a \u201cNanotecnologia\u201d, atrav\u00e9s do uso de nanoestruturas met\u00e1licas e seus \u00f3xidos. Esta patente de inven\u00e7\u00e3o representa um marco na hist\u00f3ria de gera\u00e7\u00e3o de eletricidade, pois utiliza, al\u00e9m da fonte Fotoel\u00e9trica (luz), uma fonte pouco conhecida e quase nada explorada a Higroeletricidade, combinadas de forma H\u00edbrida.<\/p>\n<p align=\"justify\">Por fim, a patente \u201c<b>Tijolo Ecol\u00f3gico de Cimento e Res\u00edduo Industrial e M\u00e9todo de Preparo\u201d<\/b> foi registrada. Neste invento \u00e9 apresentado um tijolo ecol\u00f3gico manufaturado \u00e0 base de res\u00edduos industriais, com elevada resist\u00eancia mec\u00e2nica \u00e0 compress\u00e3o e com processo de secagem e cura livre de utiliza\u00e7\u00e3o de fornos convencionais. Os tijolos ecol\u00f3gicos desta inven\u00e7\u00e3o s\u00e3o constitu\u00eddos por cimento e res\u00edduo industrial, sem uso de terra, argila e outros agregados como areia convencional. O res\u00edduo industrial corresponde a Cinza de Casca de Arroz, Cer\u00e2mica Vermelha e P\u00f3 de \u00c1gata, podendo ser preferencialmente um dentre, ou uma combina\u00e7\u00e3o entre os res\u00edduos, em diferentes propor\u00e7\u00f5es. Os tijolos ecol\u00f3gicos desta inven\u00e7\u00e3o apresentam elevada resist\u00eancia mec\u00e2nica \u00e0 compress\u00e3o, com valores na faixa de 15 MPa a 30 MPa.<\/p>\n","protected":false},"excerpt":{"rendered":"<p>Na noite do \u00faltimo s\u00e1bado (10), o trabalho desenvolvido pelo campus da UFSM em Cachoeira do Sul foi reconhecido e premiado no 54\u00ba Jantar dos Destaques. O evento tem como objetivo reconhecer empresas, personalidades e iniciativas de sucesso do munic\u00edpio. Em 2022, foram 29 agraciados em 14 categorias. A escolha foi baseada na sugest\u00e3o da [&hellip;]<\/p>\n","protected":false},"author":293,"featured_media":4151,"comment_status":"closed","ping_status":"closed","sticky":false,"template":"","format":"standard","meta":{"footnotes":""},"categories":[21,1],"tags":[],"class_list":["post-4145","post","type-post","status-publish","format-standard","has-post-thumbnail","hentry","category-banner","category-noticias"],"acf":[],"_links":{"self":[{"href":"https:\/\/www.ufsm.br\/unidades-universitarias\/cachoeira-do-sul\/wp-json\/wp\/v2\/posts\/4145","targetHints":{"allow":["GET"]}}],"collection":[{"href":"https:\/\/www.ufsm.br\/unidades-universitarias\/cachoeira-do-sul\/wp-json\/wp\/v2\/posts"}],"about":[{"href":"https:\/\/www.ufsm.br\/unidades-universitarias\/cachoeira-do-sul\/wp-json\/wp\/v2\/types\/post"}],"author":[{"embeddable":true,"href":"https:\/\/www.ufsm.br\/unidades-universitarias\/cachoeira-do-sul\/wp-json\/wp\/v2\/users\/293"}],"replies":[{"embeddable":true,"href":"https:\/\/www.ufsm.br\/unidades-universitarias\/cachoeira-do-sul\/wp-json\/wp\/v2\/comments?post=4145"}],"version-history":[{"count":0,"href":"https:\/\/www.ufsm.br\/unidades-universitarias\/cachoeira-do-sul\/wp-json\/wp\/v2\/posts\/4145\/revisions"}],"wp:featuredmedia":[{"embeddable":true,"href":"https:\/\/www.ufsm.br\/unidades-universitarias\/cachoeira-do-sul\/wp-json\/wp\/v2\/media\/4151"}],"wp:attachment":[{"href":"https:\/\/www.ufsm.br\/unidades-universitarias\/cachoeira-do-sul\/wp-json\/wp\/v2\/media?parent=4145"}],"wp:term":[{"taxonomy":"category","embeddable":true,"href":"https:\/\/www.ufsm.br\/unidades-universitarias\/cachoeira-do-sul\/wp-json\/wp\/v2\/categories?post=4145"},{"taxonomy":"post_tag","embeddable":true,"href":"https:\/\/www.ufsm.br\/unidades-universitarias\/cachoeira-do-sul\/wp-json\/wp\/v2\/tags?post=4145"}],"curies":[{"name":"wp","href":"https:\/\/api.w.org\/{rel}","templated":true}]}}