{"id":4162,"date":"2022-12-15T10:40:26","date_gmt":"2022-12-15T13:40:26","guid":{"rendered":"https:\/\/www.ufsm.br\/unidades-universitarias\/cachoeira-do-sul\/?p=4162"},"modified":"2022-12-15T10:41:09","modified_gmt":"2022-12-15T13:41:09","slug":"lamot-auxilia-prefeitura-municipal-de-palmeira-das-missoes-no-desenvolvimento-do-plano-de-mobilidade-urbana","status":"publish","type":"post","link":"https:\/\/www.ufsm.br\/unidades-universitarias\/cachoeira-do-sul\/2022\/12\/15\/lamot-auxilia-prefeitura-municipal-de-palmeira-das-missoes-no-desenvolvimento-do-plano-de-mobilidade-urbana","title":{"rendered":"LAMOT auxilia Prefeitura Municipal de Palmeira das Miss\u00f5es no desenvolvimento do plano de mobilidade urbana"},"content":{"rendered":"\n<p style=\"text-align: justify\"><a href=\"https:\/\/www.ufsm.br\/app\/uploads\/sites\/376\/2022\/12\/WhatsApp-Image-2022-12-13-at-10.52.26.jpeg\"><img fetchpriority=\"high\" decoding=\"async\" class=\"size-medium wp-image-4160 alignleft\" src=\"https:\/\/www.ufsm.br\/app\/uploads\/sites\/376\/2022\/12\/WhatsApp-Image-2022-12-13-at-10.52.26-300x200.jpeg\" alt=\"\" width=\"300\" height=\"200\" srcset=\"https:\/\/www.ufsm.br\/app\/uploads\/sites\/376\/2022\/12\/WhatsApp-Image-2022-12-13-at-10.52.26-300x200.jpeg 300w, https:\/\/www.ufsm.br\/app\/uploads\/sites\/376\/2022\/12\/WhatsApp-Image-2022-12-13-at-10.52.26-1024x682.jpeg 1024w, https:\/\/www.ufsm.br\/app\/uploads\/sites\/376\/2022\/12\/WhatsApp-Image-2022-12-13-at-10.52.26-768x512.jpeg 768w, https:\/\/www.ufsm.br\/app\/uploads\/sites\/376\/2022\/12\/WhatsApp-Image-2022-12-13-at-10.52.26-1536x1023.jpeg 1536w, https:\/\/www.ufsm.br\/app\/uploads\/sites\/376\/2022\/12\/WhatsApp-Image-2022-12-13-at-10.52.26-272x182.jpeg 272w, https:\/\/www.ufsm.br\/app\/uploads\/sites\/376\/2022\/12\/WhatsApp-Image-2022-12-13-at-10.52.26.jpeg 1600w\" sizes=\"(max-width: 300px) 100vw, 300px\" \/><\/a>Com o objetivo de elaborar o plano de mobilidade urbana, a Prefeitura Municipal de Palmeira das Miss\u00f5es juntamente com o Laborat\u00f3rio de Mobilidade e Log\u00edstica (LAMOT) da UFSM, atrav\u00e9s de acordo de coopera\u00e7\u00e3o, v\u00eam desenvolvendo atividades necess\u00e1rias para a constru\u00e7\u00e3o desse instrumento que ir\u00e1 nortear todas as a\u00e7\u00f5es relacionadas \u00e0 mobilidade urbana do munic\u00edpio a curto, m\u00e9dio e longo prazo.<br \/>O Plano de Mobilidade \u00e9 o instrumento de efetiva\u00e7\u00e3o da Pol\u00edtica Nacional de Mobilidade Urbana (PNMU) institu\u00edda pela lei federal n\u00ba 12.587\/2012. Essa lei estabelece que todos os munic\u00edpios com mais de 20 mil habitantes s\u00e3o obrigados a elaborar um plano de mobilidade em um processo participativo com os diversos setores da sociedade civil, para garantir uma mobilidade urbana acess\u00edvel e sustent\u00e1vel a seus habitantes.<a href=\"https:\/\/www.ufsm.br\/app\/uploads\/sites\/376\/2022\/12\/WhatsApp-Image-2022-12-13-at-10.53.54.jpeg\"><img decoding=\"async\" class=\"size-medium wp-image-4159 alignright\" src=\"https:\/\/www.ufsm.br\/app\/uploads\/sites\/376\/2022\/12\/WhatsApp-Image-2022-12-13-at-10.53.54-300x200.jpeg\" alt=\"\" width=\"300\" height=\"200\" srcset=\"https:\/\/www.ufsm.br\/app\/uploads\/sites\/376\/2022\/12\/WhatsApp-Image-2022-12-13-at-10.53.54-300x200.jpeg 300w, https:\/\/www.ufsm.br\/app\/uploads\/sites\/376\/2022\/12\/WhatsApp-Image-2022-12-13-at-10.53.54-1024x682.jpeg 1024w, https:\/\/www.ufsm.br\/app\/uploads\/sites\/376\/2022\/12\/WhatsApp-Image-2022-12-13-at-10.53.54-768x512.jpeg 768w, https:\/\/www.ufsm.br\/app\/uploads\/sites\/376\/2022\/12\/WhatsApp-Image-2022-12-13-at-10.53.54-1536x1023.jpeg 1536w, https:\/\/www.ufsm.br\/app\/uploads\/sites\/376\/2022\/12\/WhatsApp-Image-2022-12-13-at-10.53.54-272x182.jpeg 272w, https:\/\/www.ufsm.br\/app\/uploads\/sites\/376\/2022\/12\/WhatsApp-Image-2022-12-13-at-10.53.54.jpeg 1600w\" sizes=\"(max-width: 300px) 100vw, 300px\" \/><\/a>Nesta segunda-feira, o LAMOT recebeu a visita da equipe de trabalho da prefeitura de Palmeira das Miss\u00f5es em Cachoeira do Sul. Nesta etapa do trabalho, o objetivo foi a apresenta\u00e7\u00e3o dos dados iniciais dos levantamentos realizados pela equipe e tamb\u00e9m do diagn\u00f3stico sobre a mobilidade urbana do munic\u00edpio a partir da perspectiva da popula\u00e7\u00e3o. Ap\u00f3s o reconhecimento dos dados, a equipe trabalhou na elabora\u00e7\u00e3o da vis\u00e3o de futuro para a mobilidade urbana e iniciou a etapa de desenvolvimento dos objetivos, metas e a\u00e7\u00f5es relacionadas e obrigat\u00f3rios para o planejamento do futuro da mobilidade urbana.<a href=\"https:\/\/www.ufsm.br\/app\/uploads\/sites\/376\/2022\/12\/WhatsApp-Image-2022-12-13-at-10.50.24-1.jpeg\"><img decoding=\"async\" class=\" wp-image-4165 alignleft\" src=\"https:\/\/www.ufsm.br\/app\/uploads\/sites\/376\/2022\/12\/WhatsApp-Image-2022-12-13-at-10.50.24-1-300x149.jpeg\" alt=\"\" width=\"362\" height=\"180\" srcset=\"https:\/\/www.ufsm.br\/app\/uploads\/sites\/376\/2022\/12\/WhatsApp-Image-2022-12-13-at-10.50.24-1-300x149.jpeg 300w, https:\/\/www.ufsm.br\/app\/uploads\/sites\/376\/2022\/12\/WhatsApp-Image-2022-12-13-at-10.50.24-1-768x381.jpeg 768w, https:\/\/www.ufsm.br\/app\/uploads\/sites\/376\/2022\/12\/WhatsApp-Image-2022-12-13-at-10.50.24-1.jpeg 900w\" sizes=\"(max-width: 362px) 100vw, 362px\" \/><\/a><br \/>Participaram do encontro os seguintes representantes de Palmeira das Miss\u00f5es: o coordenador Municipal de Tr\u00e2nsito Jos\u00e9 Darci Prado; o coordenador do Departamento de Engenharia Renato Rens; o agente de Tr\u00e2nsito Olmiro Felicetto; e o respons\u00e1vel pela Equipe de Sinaliza\u00e7\u00e3o Marcos Sergio. A equipe do LAMOT que realizou o trabalho \u00e9 composta pelos bolsistas, Alexandre Grings e Gabriel Nobre Da Silva Eickel, do curso de Eng. de Transportes e Log\u00edstica do campus Cachoeira do Sul; Victoria Righetto Corr\u00eaa, do curso de Engenharia Civil, campus Santa Maria; Antonio Lanfredi Leite, do curso de Administra\u00e7\u00e3o, campus Palmeira das Miss\u00f5es; e Leda Evangelista Braidoti, do curso de Jornalismo, campus Frederico Westphalen; al\u00e9m dos professores orientadores Vanessa T. Alves, Brenda Medeiros Pereira, Felipe Caleffi, Jo\u00e3o Rodrigo Mattos e Alejandro Ruiz Padillo.<br \/>A atividade ter\u00e1 continuidade no in\u00edcio de janeiro para finaliza\u00e7\u00e3o desta etapa. A entrega do plano de mobilidade urbana est\u00e1 prevista para final de mar\u00e7o. A equipe da Prefeitura ainda visitou a cidade de Cachoeira do Sul para conhecer a \u201cfamosa\u201d r\u00f3tula das 5 esquinas e o novo p\u00f3rtico da cidade, ambos projetos desenvolvidos pela UFSM campus Cachoeira do Sul.<\/p>\n","protected":false},"excerpt":{"rendered":"<p>Com o objetivo de elaborar o plano de mobilidade urbana, a Prefeitura Municipal de Palmeira das Miss\u00f5es juntamente com o Laborat\u00f3rio de Mobilidade e Log\u00edstica (LAMOT) da UFSM, atrav\u00e9s de acordo de coopera\u00e7\u00e3o, v\u00eam desenvolvendo atividades necess\u00e1rias para a constru\u00e7\u00e3o desse instrumento que ir\u00e1 nortear todas as a\u00e7\u00f5es relacionadas \u00e0 mobilidade urbana do munic\u00edpio a [&hellip;]<\/p>\n","protected":false},"author":293,"featured_media":4163,"comment_status":"closed","ping_status":"closed","sticky":false,"template":"","format":"standard","meta":{"footnotes":""},"categories":[21,1],"tags":[],"class_list":["post-4162","post","type-post","status-publish","format-standard","has-post-thumbnail","hentry","category-banner","category-noticias"],"acf":[],"_links":{"self":[{"href":"https:\/\/www.ufsm.br\/unidades-universitarias\/cachoeira-do-sul\/wp-json\/wp\/v2\/posts\/4162","targetHints":{"allow":["GET"]}}],"collection":[{"href":"https:\/\/www.ufsm.br\/unidades-universitarias\/cachoeira-do-sul\/wp-json\/wp\/v2\/posts"}],"about":[{"href":"https:\/\/www.ufsm.br\/unidades-universitarias\/cachoeira-do-sul\/wp-json\/wp\/v2\/types\/post"}],"author":[{"embeddable":true,"href":"https:\/\/www.ufsm.br\/unidades-universitarias\/cachoeira-do-sul\/wp-json\/wp\/v2\/users\/293"}],"replies":[{"embeddable":true,"href":"https:\/\/www.ufsm.br\/unidades-universitarias\/cachoeira-do-sul\/wp-json\/wp\/v2\/comments?post=4162"}],"version-history":[{"count":0,"href":"https:\/\/www.ufsm.br\/unidades-universitarias\/cachoeira-do-sul\/wp-json\/wp\/v2\/posts\/4162\/revisions"}],"wp:featuredmedia":[{"embeddable":true,"href":"https:\/\/www.ufsm.br\/unidades-universitarias\/cachoeira-do-sul\/wp-json\/wp\/v2\/media\/4163"}],"wp:attachment":[{"href":"https:\/\/www.ufsm.br\/unidades-universitarias\/cachoeira-do-sul\/wp-json\/wp\/v2\/media?parent=4162"}],"wp:term":[{"taxonomy":"category","embeddable":true,"href":"https:\/\/www.ufsm.br\/unidades-universitarias\/cachoeira-do-sul\/wp-json\/wp\/v2\/categories?post=4162"},{"taxonomy":"post_tag","embeddable":true,"href":"https:\/\/www.ufsm.br\/unidades-universitarias\/cachoeira-do-sul\/wp-json\/wp\/v2\/tags?post=4162"}],"curies":[{"name":"wp","href":"https:\/\/api.w.org\/{rel}","templated":true}]}}