{"id":4167,"date":"2022-12-21T09:42:02","date_gmt":"2022-12-21T12:42:02","guid":{"rendered":"https:\/\/www.ufsm.br\/unidades-universitarias\/cachoeira-do-sul\/?p=4167"},"modified":"2022-12-21T09:43:07","modified_gmt":"2022-12-21T12:43:07","slug":"brinquedos-doados-em-campanha-interna-da-ufsm-cs-sao-entregues-a-entidades-locais","status":"publish","type":"post","link":"https:\/\/www.ufsm.br\/unidades-universitarias\/cachoeira-do-sul\/2022\/12\/21\/brinquedos-doados-em-campanha-interna-da-ufsm-cs-sao-entregues-a-entidades-locais","title":{"rendered":"Brinquedos doados em campanha interna da UFSM-CS s\u00e3o entregues a entidades locais"},"content":{"rendered":"\n<figure id=\"attachment_4172\" aria-describedby=\"caption-attachment-4172\" style=\"width: 300px\" class=\"wp-caption alignleft\"><a href=\"https:\/\/www.ufsm.br\/app\/uploads\/sites\/376\/2022\/12\/WhatsApp-Image-2022-12-20-at-16.12.21.jpeg\"><img decoding=\"async\" class=\"wp-image-4172 size-medium\" src=\"https:\/\/www.ufsm.br\/app\/uploads\/sites\/376\/2022\/12\/WhatsApp-Image-2022-12-20-at-16.12.21-300x146.jpeg\" alt=\"\" width=\"300\" height=\"146\" srcset=\"https:\/\/www.ufsm.br\/app\/uploads\/sites\/376\/2022\/12\/WhatsApp-Image-2022-12-20-at-16.12.21-300x146.jpeg 300w, https:\/\/www.ufsm.br\/app\/uploads\/sites\/376\/2022\/12\/WhatsApp-Image-2022-12-20-at-16.12.21-1024x497.jpeg 1024w, https:\/\/www.ufsm.br\/app\/uploads\/sites\/376\/2022\/12\/WhatsApp-Image-2022-12-20-at-16.12.21-768x373.jpeg 768w, https:\/\/www.ufsm.br\/app\/uploads\/sites\/376\/2022\/12\/WhatsApp-Image-2022-12-20-at-16.12.21-1536x746.jpeg 1536w, https:\/\/www.ufsm.br\/app\/uploads\/sites\/376\/2022\/12\/WhatsApp-Image-2022-12-20-at-16.12.21.jpeg 1600w\" sizes=\"(max-width: 300px) 100vw, 300px\" \/><\/a><figcaption id=\"caption-attachment-4172\" class=\"wp-caption-text\">A diretora da SMIS, Carin Ache, e a presidente do Conselho Municipal de Assist\u00eancia Social (COMAS), Rita Pantale\u00e3o, receberam da professora Aline Loreto as doa\u00e7\u00f5es.<\/figcaption><\/figure>\n<p>A Coordena\u00e7\u00e3o Acad\u00eamica da UFSM-CS, juntamente com o Diret\u00f3rio Acad\u00eamico da Arquitetura (DACAU), realizaram uma campanha interna de Natal para arrecada\u00e7\u00e3o de brinquedos para doa\u00e7\u00e3o. Ao todo, mais de 200 brinquedos foram arrecadados entre as doa\u00e7\u00f5es de servidores, terceirizados e alunos do campus.<\/p>\n<figure id=\"attachment_4170\" aria-describedby=\"caption-attachment-4170\" style=\"width: 300px\" class=\"wp-caption alignright\"><a href=\"https:\/\/www.ufsm.br\/app\/uploads\/sites\/376\/2022\/12\/WhatsApp-Image-2022-12-20-at-16.14.51-1.jpeg\"><img fetchpriority=\"high\" decoding=\"async\" class=\"wp-image-4170 size-medium\" src=\"https:\/\/www.ufsm.br\/app\/uploads\/sites\/376\/2022\/12\/WhatsApp-Image-2022-12-20-at-16.14.51-1-300x190.jpeg\" alt=\"\" width=\"300\" height=\"190\" srcset=\"https:\/\/www.ufsm.br\/app\/uploads\/sites\/376\/2022\/12\/WhatsApp-Image-2022-12-20-at-16.14.51-1-300x190.jpeg 300w, https:\/\/www.ufsm.br\/app\/uploads\/sites\/376\/2022\/12\/WhatsApp-Image-2022-12-20-at-16.14.51-1.jpeg 720w\" sizes=\"(max-width: 300px) 100vw, 300px\" \/><\/a><figcaption id=\"caption-attachment-4170\" class=\"wp-caption-text\">Entrega dos presentes aos estudantes do CIEP.<\/figcaption><\/figure>\n<p>As doa\u00e7\u00f5es foram entregues para duas entidades de Cachoeira do Sul. A coord. Acad\u00eamica da UFSM-CS, Aline Brum Loreto, fez a entrega na Secretaria Municipal de Inclus\u00e3o Social (SMIS). J\u00e1 o motorista do campus, Jos\u00e9 Elmo Pereira Nunes, e o coord. Administrativo, J\u00falio Modesto, fizeram a entrega para o CIEP Virgilino Jayme Zinn, em uma a\u00e7\u00e3o conjunta com o CTG Est\u00e2ncia do Chimarr\u00e3o.<\/p>\n\n\n","protected":false},"excerpt":{"rendered":"<p>A Coordena\u00e7\u00e3o Acad\u00eamica da UFSM-CS, juntamente com o Diret\u00f3rio Acad\u00eamico da Arquitetura (DACAU), realizaram uma campanha interna de Natal para arrecada\u00e7\u00e3o de brinquedos para doa\u00e7\u00e3o. Ao todo, mais de 200 brinquedos foram arrecadados entre as doa\u00e7\u00f5es de servidores, terceirizados e alunos do campus. As doa\u00e7\u00f5es foram entregues para duas entidades de Cachoeira do Sul. A [&hellip;]<\/p>\n","protected":false},"author":293,"featured_media":0,"comment_status":"closed","ping_status":"closed","sticky":false,"template":"","format":"standard","meta":{"footnotes":""},"categories":[1],"tags":[],"class_list":["post-4167","post","type-post","status-publish","format-standard","hentry","category-noticias"],"acf":[],"_links":{"self":[{"href":"https:\/\/www.ufsm.br\/unidades-universitarias\/cachoeira-do-sul\/wp-json\/wp\/v2\/posts\/4167","targetHints":{"allow":["GET"]}}],"collection":[{"href":"https:\/\/www.ufsm.br\/unidades-universitarias\/cachoeira-do-sul\/wp-json\/wp\/v2\/posts"}],"about":[{"href":"https:\/\/www.ufsm.br\/unidades-universitarias\/cachoeira-do-sul\/wp-json\/wp\/v2\/types\/post"}],"author":[{"embeddable":true,"href":"https:\/\/www.ufsm.br\/unidades-universitarias\/cachoeira-do-sul\/wp-json\/wp\/v2\/users\/293"}],"replies":[{"embeddable":true,"href":"https:\/\/www.ufsm.br\/unidades-universitarias\/cachoeira-do-sul\/wp-json\/wp\/v2\/comments?post=4167"}],"version-history":[{"count":0,"href":"https:\/\/www.ufsm.br\/unidades-universitarias\/cachoeira-do-sul\/wp-json\/wp\/v2\/posts\/4167\/revisions"}],"wp:attachment":[{"href":"https:\/\/www.ufsm.br\/unidades-universitarias\/cachoeira-do-sul\/wp-json\/wp\/v2\/media?parent=4167"}],"wp:term":[{"taxonomy":"category","embeddable":true,"href":"https:\/\/www.ufsm.br\/unidades-universitarias\/cachoeira-do-sul\/wp-json\/wp\/v2\/categories?post=4167"},{"taxonomy":"post_tag","embeddable":true,"href":"https:\/\/www.ufsm.br\/unidades-universitarias\/cachoeira-do-sul\/wp-json\/wp\/v2\/tags?post=4167"}],"curies":[{"name":"wp","href":"https:\/\/api.w.org\/{rel}","templated":true}]}}