{"id":4183,"date":"2022-12-26T16:48:49","date_gmt":"2022-12-26T19:48:49","guid":{"rendered":"https:\/\/www.ufsm.br\/unidades-universitarias\/cachoeira-do-sul\/?p=4183"},"modified":"2022-12-26T18:11:44","modified_gmt":"2022-12-26T21:11:44","slug":"pro-reitoria-de-extensao-publica-editais-fiex-2023-e-serie-extensao-livros-e-cartilhas","status":"publish","type":"post","link":"https:\/\/www.ufsm.br\/unidades-universitarias\/cachoeira-do-sul\/2022\/12\/26\/pro-reitoria-de-extensao-publica-editais-fiex-2023-e-serie-extensao-livros-e-cartilhas","title":{"rendered":"Pr\u00f3-Reitoria de Extens\u00e3o publica editais FIEX 2023 e S\u00e9rie Extens\u00e3o (Livros e Cartilhas)"},"content":{"rendered":"\n<p>O Fundo de Incentivo \u00e0 Extens\u00e3o atrav\u00e9s de Edital vem destinar recursos ao incentivo de a\u00e7\u00f5es de extens\u00e3o, as a\u00e7\u00f5es devem ter o \u00f3rg\u00e3o executor e o \u00f3rg\u00e3o respons\u00e1vel pertencentes \u00e0 mesma Unidade.<\/p>\n<p>Segundo\u00a0o edital s\u00e3o consideradas as seguintes a\u00e7\u00f5es de extens\u00e3o:<\/p>\n<p>I \u2013 Programa: conjunto articulado de duas ou mais a\u00e7\u00f5es de extens\u00e3o (projetos, cursos, eventos), integrado a atividades de pesquisa e de ensino, com car\u00e1ter multidisciplinar e org\u00e2nico-institucional, integra\u00e7\u00e3o no territ\u00f3rio e\/ou grupos populacionais, clareza de diretrizes e orienta\u00e7\u00e3o para um objetivo comum, sendo executado a m\u00e9dio e longo prazo, tendo estudantes orientados(as), preferencialmente, por mais de um(a) servidor(a) da institui\u00e7\u00e3o.<\/p>\n<p>II \u2013 Projetos: o conjunto de a\u00e7\u00f5es processuais, de car\u00e1ter educativo, art\u00edstico, social, cultural, assistencial, tecnol\u00f3gico, pol\u00edtico ou de suporte institucional externo, com objetivo espec\u00edfico e prazo determinado.<\/p>\n<p>III \u2013 Cursos de extens\u00e3o: a\u00e7\u00e3o de car\u00e1ter pedag\u00f3gico te\u00f3rico e\/ou pr\u00e1tico, presencial ou a dist\u00e2ncia, planejado e organizado de modo sistem\u00e1tico, com carga hor\u00e1ria m\u00ednima de 8 (oito) horas e crit\u00e9rios de avalia\u00e7\u00e3o e certifica\u00e7\u00e3o, cujo p\u00fablico seja a comunidade externa \u00e0 UFSM;<\/p>\n<p>IV \u2013 Eventos de extens\u00e3o: a\u00e7\u00e3o que contempla a apresenta\u00e7\u00e3o e\/ou exibi\u00e7\u00e3o p\u00fablica do conhecimento ou produto cultural, art\u00edstico, esportivo, cient\u00edfico\/acad\u00eamico ou tecnol\u00f3gico desenvolvido ou reconhecido pela Comiss\u00e3o de Extens\u00e3o ou equivalente, cujo p\u00fablico seja a comunidade externa \u00e0 UFSM.<\/p>\n<p>CRONOGRAMA RESUMIDO:<\/p>\n<p>02\/01\/2023 at\u00e9 15\/03\/2023 \u2013 Submiss\u00e3o de propostas via Portal da UFSM<\/p>\n<p>31\/01\/2023 \u2013 Limite para solicita\u00e7\u00e3o de registro de novas a\u00e7\u00f5es no Portal de Projetos<\/p>\n<p>29\/03\/2023 \u2013 Divulga\u00e7\u00e3o do resultado preliminar via Portal da UFSM<\/p>\n<p>29\/03\/2023 at\u00e9 30\/03\/2023 \u2013 Per\u00edodo de recurso em 1\u00ba inst\u00e2ncia via Portal da UFSM<\/p>\n<p>06\/04\/2023 \u2013 Consulta de resultado do recurso em 1\u00ba inst\u00e2ncia via Portal da UFSM<\/p>\n<p>10\/04\/2023 at\u00e9 11\/04\/2023 \u2013 Per\u00edodo de recurso em 2\u00ba inst\u00e2ncia via PEN<\/p>\n<p>18\/04\/2023 \u2013 Divulga\u00e7\u00e3o do resultado final no site da PRE<\/p>\n<p>Al\u00e9m desse Edital FIEX, a PRE tamb\u00e9m publicou\u00a0Editais de sele\u00e7\u00e3o interna para publica\u00e7\u00e3o de livros e demais produtos editoriais (cartilhas, manuais, cat\u00e1logos, cadernos de campo, guias e etc)<\/p>\n<p>Para maiores informa\u00e7\u00f5es: <a href=\"https:\/\/www.ufsm.br\/app\/uploads\/sites\/346\/2022\/12\/EDITAL-FIEX-PRE_UFSM-N.083_2022.pdf\">Edital PRE 083\/2022<\/a>; <a href=\"https:\/\/www.ufsm.br\/pro-reitorias\/pre\/editais\/084-2022\/\">Edital PRE 084\/2022<\/a>; <a href=\"https:\/\/www.ufsm.br\/app\/uploads\/sites\/346\/2022\/12\/Edital-Serie-Extensao-PRE_UFSM-N.-085_2022.pdf\">Edital PRE 085\/2022<\/a><\/p>\n","protected":false},"excerpt":{"rendered":"<p>O Fundo de Incentivo \u00e0 Extens\u00e3o atrav\u00e9s de Edital vem destinar recursos ao incentivo de a\u00e7\u00f5es de extens\u00e3o, as a\u00e7\u00f5es devem ter o \u00f3rg\u00e3o executor e o \u00f3rg\u00e3o respons\u00e1vel pertencentes \u00e0 mesma Unidade. Segundo\u00a0o edital s\u00e3o consideradas as seguintes a\u00e7\u00f5es de extens\u00e3o: I \u2013 Programa: conjunto articulado de duas ou mais a\u00e7\u00f5es de extens\u00e3o (projetos, [&hellip;]<\/p>\n","protected":false},"author":4522,"featured_media":0,"comment_status":"closed","ping_status":"closed","sticky":false,"template":"","format":"standard","meta":{"footnotes":""},"categories":[1],"tags":[],"class_list":["post-4183","post","type-post","status-publish","format-standard","hentry","category-noticias"],"acf":[],"_links":{"self":[{"href":"https:\/\/www.ufsm.br\/unidades-universitarias\/cachoeira-do-sul\/wp-json\/wp\/v2\/posts\/4183","targetHints":{"allow":["GET"]}}],"collection":[{"href":"https:\/\/www.ufsm.br\/unidades-universitarias\/cachoeira-do-sul\/wp-json\/wp\/v2\/posts"}],"about":[{"href":"https:\/\/www.ufsm.br\/unidades-universitarias\/cachoeira-do-sul\/wp-json\/wp\/v2\/types\/post"}],"author":[{"embeddable":true,"href":"https:\/\/www.ufsm.br\/unidades-universitarias\/cachoeira-do-sul\/wp-json\/wp\/v2\/users\/4522"}],"replies":[{"embeddable":true,"href":"https:\/\/www.ufsm.br\/unidades-universitarias\/cachoeira-do-sul\/wp-json\/wp\/v2\/comments?post=4183"}],"version-history":[{"count":0,"href":"https:\/\/www.ufsm.br\/unidades-universitarias\/cachoeira-do-sul\/wp-json\/wp\/v2\/posts\/4183\/revisions"}],"wp:attachment":[{"href":"https:\/\/www.ufsm.br\/unidades-universitarias\/cachoeira-do-sul\/wp-json\/wp\/v2\/media?parent=4183"}],"wp:term":[{"taxonomy":"category","embeddable":true,"href":"https:\/\/www.ufsm.br\/unidades-universitarias\/cachoeira-do-sul\/wp-json\/wp\/v2\/categories?post=4183"},{"taxonomy":"post_tag","embeddable":true,"href":"https:\/\/www.ufsm.br\/unidades-universitarias\/cachoeira-do-sul\/wp-json\/wp\/v2\/tags?post=4183"}],"curies":[{"name":"wp","href":"https:\/\/api.w.org\/{rel}","templated":true}]}}