{"id":4188,"date":"2023-01-05T15:32:32","date_gmt":"2023-01-05T18:32:32","guid":{"rendered":"https:\/\/www.ufsm.br\/unidades-universitarias\/cachoeira-do-sul\/?p=4188"},"modified":"2023-01-05T15:33:05","modified_gmt":"2023-01-05T18:33:05","slug":"reitor-da-ufsm-e-diretor-da-ufsm-cs-participam-de-reuniao-sobre-acesso-ao-campus-de-cachoeira-do-sul","status":"publish","type":"post","link":"https:\/\/www.ufsm.br\/unidades-universitarias\/cachoeira-do-sul\/2023\/01\/05\/reitor-da-ufsm-e-diretor-da-ufsm-cs-participam-de-reuniao-sobre-acesso-ao-campus-de-cachoeira-do-sul","title":{"rendered":"Reitor da UFSM e diretor da UFSM-CS participam de reuni\u00e3o sobre acesso ao campus de Cachoeira do Sul"},"content":{"rendered":"\n<p style=\"text-align: justify\"><a href=\"https:\/\/www.ufsm.br\/app\/uploads\/sites\/376\/2023\/01\/IMG-20230105-WA0001.jpg\"><img fetchpriority=\"high\" decoding=\"async\" class=\" wp-image-4190 alignright\" src=\"https:\/\/www.ufsm.br\/app\/uploads\/sites\/376\/2023\/01\/IMG-20230105-WA0001-300x169.jpg\" alt=\"\" width=\"431\" height=\"243\" srcset=\"https:\/\/www.ufsm.br\/app\/uploads\/sites\/376\/2023\/01\/IMG-20230105-WA0001-300x169.jpg 300w, https:\/\/www.ufsm.br\/app\/uploads\/sites\/376\/2023\/01\/IMG-20230105-WA0001-1024x576.jpg 1024w, https:\/\/www.ufsm.br\/app\/uploads\/sites\/376\/2023\/01\/IMG-20230105-WA0001-768x432.jpg 768w, https:\/\/www.ufsm.br\/app\/uploads\/sites\/376\/2023\/01\/IMG-20230105-WA0001-1536x864.jpg 1536w, https:\/\/www.ufsm.br\/app\/uploads\/sites\/376\/2023\/01\/IMG-20230105-WA0001.jpg 1600w\" sizes=\"(max-width: 431px) 100vw, 431px\" \/><\/a>Na tarde desta quinta-feira, dia 05, o reitor da UFSM, Luciano Schuch, e o diretor da UFSM-CS, Anderson Dal Molin, estiveram em Porto Alegre para participar de uma reuni\u00e3o sobre o acesso do campus de Cachoeira do Sul.<\/p>\n<p style=\"text-align: justify\">Estiveram presentes no encontro o diretor do DAER, Luciano Faustino da Silva; Dantro Guevedo, assessor do deputado estadual Valdeci Oliveira; os engenheiros Becker e Urbano, da empresa Magna Engenharia, al\u00e9m das representa\u00e7\u00f5es de Cachoeira do Sul: a vereadora Telda Assis, a secret\u00e1ria de Coordena\u00e7\u00e3o e Planejamento Cl\u00e1udia Scarparo e a engenheira civil J\u00e9ssica Oliveira da Silva.<\/p>\n<p style=\"text-align: justify\">Na ocasi\u00e3o, foi solicitado apoio ao projeto de acesso ao campus e tamb\u00e9m foi entregue ao diretor do DAER um estudo de melhorias para a VRS-809, com a inclus\u00e3o de acostamento, ciclovia e cal\u00e7adas. O estudo foi realizado pelo campus da UFSM em Cachoeira do Sul.<\/p>\n","protected":false},"excerpt":{"rendered":"<p>Na tarde desta quinta-feira, dia 05, o reitor da UFSM, Luciano Schuch, e o diretor da UFSM-CS, Anderson Dal Molin, estiveram em Porto Alegre para participar de uma reuni\u00e3o sobre o acesso do campus de Cachoeira do Sul. Estiveram presentes no encontro o diretor do DAER, Luciano Faustino da Silva; Dantro Guevedo, assessor do deputado [&hellip;]<\/p>\n","protected":false},"author":293,"featured_media":4189,"comment_status":"closed","ping_status":"closed","sticky":false,"template":"","format":"standard","meta":{"footnotes":""},"categories":[21,1],"tags":[],"class_list":["post-4188","post","type-post","status-publish","format-standard","has-post-thumbnail","hentry","category-banner","category-noticias"],"acf":[],"_links":{"self":[{"href":"https:\/\/www.ufsm.br\/unidades-universitarias\/cachoeira-do-sul\/wp-json\/wp\/v2\/posts\/4188","targetHints":{"allow":["GET"]}}],"collection":[{"href":"https:\/\/www.ufsm.br\/unidades-universitarias\/cachoeira-do-sul\/wp-json\/wp\/v2\/posts"}],"about":[{"href":"https:\/\/www.ufsm.br\/unidades-universitarias\/cachoeira-do-sul\/wp-json\/wp\/v2\/types\/post"}],"author":[{"embeddable":true,"href":"https:\/\/www.ufsm.br\/unidades-universitarias\/cachoeira-do-sul\/wp-json\/wp\/v2\/users\/293"}],"replies":[{"embeddable":true,"href":"https:\/\/www.ufsm.br\/unidades-universitarias\/cachoeira-do-sul\/wp-json\/wp\/v2\/comments?post=4188"}],"version-history":[{"count":0,"href":"https:\/\/www.ufsm.br\/unidades-universitarias\/cachoeira-do-sul\/wp-json\/wp\/v2\/posts\/4188\/revisions"}],"wp:featuredmedia":[{"embeddable":true,"href":"https:\/\/www.ufsm.br\/unidades-universitarias\/cachoeira-do-sul\/wp-json\/wp\/v2\/media\/4189"}],"wp:attachment":[{"href":"https:\/\/www.ufsm.br\/unidades-universitarias\/cachoeira-do-sul\/wp-json\/wp\/v2\/media?parent=4188"}],"wp:term":[{"taxonomy":"category","embeddable":true,"href":"https:\/\/www.ufsm.br\/unidades-universitarias\/cachoeira-do-sul\/wp-json\/wp\/v2\/categories?post=4188"},{"taxonomy":"post_tag","embeddable":true,"href":"https:\/\/www.ufsm.br\/unidades-universitarias\/cachoeira-do-sul\/wp-json\/wp\/v2\/tags?post=4188"}],"curies":[{"name":"wp","href":"https:\/\/api.w.org\/{rel}","templated":true}]}}