{"id":4191,"date":"2023-01-10T10:07:20","date_gmt":"2023-01-10T13:07:20","guid":{"rendered":"https:\/\/www.ufsm.br\/unidades-universitarias\/cachoeira-do-sul\/?p=4191"},"modified":"2023-01-10T11:36:39","modified_gmt":"2023-01-10T14:36:39","slug":"lamot-realiza-mais-uma-reuniao-com-prefeitura-de-pm-sobre-plano-de-mobilidade","status":"publish","type":"post","link":"https:\/\/www.ufsm.br\/unidades-universitarias\/cachoeira-do-sul\/2023\/01\/10\/lamot-realiza-mais-uma-reuniao-com-prefeitura-de-pm-sobre-plano-de-mobilidade","title":{"rendered":"LAMOT realiza mais uma reuni\u00e3o presencial com Prefeitura de Palmeira das Miss\u00f5es sobre o Plano de Mobilidade"},"content":{"rendered":"\n<p style=\"text-align: justify\"><a href=\"https:\/\/www.ufsm.br\/app\/uploads\/sites\/376\/2023\/01\/WhatsApp-Image-2023-01-09-at-12.39.43.jpeg\"><img fetchpriority=\"high\" decoding=\"async\" class=\" wp-image-4192 alignleft\" src=\"https:\/\/www.ufsm.br\/app\/uploads\/sites\/376\/2023\/01\/WhatsApp-Image-2023-01-09-at-12.39.43-300x169.jpeg\" alt=\"\" width=\"438\" height=\"247\" srcset=\"https:\/\/www.ufsm.br\/app\/uploads\/sites\/376\/2023\/01\/WhatsApp-Image-2023-01-09-at-12.39.43-300x169.jpeg 300w, https:\/\/www.ufsm.br\/app\/uploads\/sites\/376\/2023\/01\/WhatsApp-Image-2023-01-09-at-12.39.43-1024x576.jpeg 1024w, https:\/\/www.ufsm.br\/app\/uploads\/sites\/376\/2023\/01\/WhatsApp-Image-2023-01-09-at-12.39.43-768x432.jpeg 768w, https:\/\/www.ufsm.br\/app\/uploads\/sites\/376\/2023\/01\/WhatsApp-Image-2023-01-09-at-12.39.43.jpeg 1280w\" sizes=\"(max-width: 438px) 100vw, 438px\" \/><\/a>Nesta segunda-feira, dia 09 de janeiro, integrantes do Laborat\u00f3rio de Mobilidade e Log\u00edstica (LAMOT) da UFSM receberam, no campus de Cachoeira do Sul, representantes da Prefeitura de Palmeira das Miss\u00f5es para dar continuidade na elabora\u00e7\u00e3o do Plano de Mobilidade Urbana do Munic\u00edpio. O LAMOT est\u00e1 desenvolvendo este Plano atrav\u00e9s de um acordo de coopera\u00e7\u00e3o da UFSM com a Prefeitura.<\/p>\n<p style=\"text-align: justify\">Na primeira reuni\u00e3o presencial em Cachoeira do Sul, que ocorreu em dezembro de 2022, foram estabelecidos objetivos, metas e a\u00e7\u00f5es para o Plano de Mobilidade. Naquela oportunidade foram trabalhados os seguintes pontos: 1) servi\u00e7os de transporte p\u00fablico coletivo; 2) circula\u00e7\u00e3o vi\u00e1ria; 3) infraestrutura do sistema de mobilidade urbana; e 4) acessibilidade para pessoas com defici\u00eancia e restri\u00e7\u00e3o de mobilidade.<\/p>\n<p style=\"text-align: justify\"><a href=\"https:\/\/www.ufsm.br\/app\/uploads\/sites\/376\/2023\/01\/WhatsApp-Image-2023-01-09-at-17.15.17.jpeg\"><img decoding=\"async\" class=\" wp-image-4193 alignright\" src=\"https:\/\/www.ufsm.br\/app\/uploads\/sites\/376\/2023\/01\/WhatsApp-Image-2023-01-09-at-17.15.17-300x225.jpeg\" alt=\"\" width=\"388\" height=\"291\" srcset=\"https:\/\/www.ufsm.br\/app\/uploads\/sites\/376\/2023\/01\/WhatsApp-Image-2023-01-09-at-17.15.17-300x225.jpeg 300w, https:\/\/www.ufsm.br\/app\/uploads\/sites\/376\/2023\/01\/WhatsApp-Image-2023-01-09-at-17.15.17-1024x768.jpeg 1024w, https:\/\/www.ufsm.br\/app\/uploads\/sites\/376\/2023\/01\/WhatsApp-Image-2023-01-09-at-17.15.17-768x576.jpeg 768w, https:\/\/www.ufsm.br\/app\/uploads\/sites\/376\/2023\/01\/WhatsApp-Image-2023-01-09-at-17.15.17-1536x1152.jpeg 1536w, https:\/\/www.ufsm.br\/app\/uploads\/sites\/376\/2023\/01\/WhatsApp-Image-2023-01-09-at-17.15.17.jpeg 1600w\" sizes=\"(max-width: 388px) 100vw, 388px\" \/><\/a>J\u00e1 na reuni\u00e3o que ocorreu ontem, foram trabalhados mais sete pontos, sendo eles: 5) integra\u00e7\u00e3o dos modos de transporte p\u00fablico e destes com os privados e os n\u00e3o motorizados; 6) opera\u00e7\u00e3o e disciplinamento do transporte de carga na infraestrutura vi\u00e1ria; 7) polos geradores de viagens; 8) \u00e1reas de estacionamentos p\u00fablicos e privados, gratuitos ou onerosos; 9) \u00e1reas e hor\u00e1rios de acesso e circula\u00e7\u00e3o restrita ou controlada; 10) mecanismos e instrumentos de financiamento do transporte p\u00fablico coletivo e da infraestrutura de mobilidade urbana; e 11) sistem\u00e1tica de avalia\u00e7\u00e3o, revis\u00e3o e atualiza\u00e7\u00e3o peri\u00f3dica no Plano de Mobilidade Urbana em prazo n\u00e3o superior a 10 anos.Estes 11 t\u00f3picos s\u00e3o obrigat\u00f3rios para a composi\u00e7\u00e3o de um Plano de Mobilidade.<\/p>\n<p style=\"text-align: justify\">Agora, com a defini\u00e7\u00e3o dos objetivos, metas e a\u00e7\u00f5es para estes 11 pontos do Plano de Mobilidade, os integrantes do projeto ir\u00e3o finalizar o documento t\u00e9cnico, com os dados prim\u00e1rios e secund\u00e1rios j\u00e1 coletados em Palmeira das Miss\u00f5es atrav\u00e9s de question\u00e1rio. O documento finalizado dever\u00e1 ser entregue em mar\u00e7o para a Prefeitura. Ap\u00f3s essa entrega, o Munic\u00edpio deve tramitar o documento para que o Plano de Mobilidade Urbana se torne lei municipal.<\/p>\n<p style=\"text-align: justify\">Para saber mais informa\u00e7\u00f5es sobre a primeira reuni\u00e3o, acesse <a href=\"https:\/\/www.ufsm.br\/unidades-universitarias\/cachoeira-do-sul\/2022\/12\/15\/lamot-auxilia-prefeitura-municipal-de-palmeira-das-missoes-no-desenvolvimento-do-plano-de-mobilidade-urbana\">aqui<\/a>.<\/p>\n","protected":false},"excerpt":{"rendered":"<p>Nesta segunda-feira, dia 09 de janeiro, integrantes do Laborat\u00f3rio de Mobilidade e Log\u00edstica (LAMOT) da UFSM receberam, no campus de Cachoeira do Sul, representantes da Prefeitura de Palmeira das Miss\u00f5es para dar continuidade na elabora\u00e7\u00e3o do Plano de Mobilidade Urbana do Munic\u00edpio. O LAMOT est\u00e1 desenvolvendo este Plano atrav\u00e9s de um acordo de coopera\u00e7\u00e3o da [&hellip;]<\/p>\n","protected":false},"author":293,"featured_media":0,"comment_status":"closed","ping_status":"closed","sticky":false,"template":"","format":"standard","meta":{"footnotes":""},"categories":[1],"tags":[],"class_list":["post-4191","post","type-post","status-publish","format-standard","hentry","category-noticias"],"acf":[],"_links":{"self":[{"href":"https:\/\/www.ufsm.br\/unidades-universitarias\/cachoeira-do-sul\/wp-json\/wp\/v2\/posts\/4191","targetHints":{"allow":["GET"]}}],"collection":[{"href":"https:\/\/www.ufsm.br\/unidades-universitarias\/cachoeira-do-sul\/wp-json\/wp\/v2\/posts"}],"about":[{"href":"https:\/\/www.ufsm.br\/unidades-universitarias\/cachoeira-do-sul\/wp-json\/wp\/v2\/types\/post"}],"author":[{"embeddable":true,"href":"https:\/\/www.ufsm.br\/unidades-universitarias\/cachoeira-do-sul\/wp-json\/wp\/v2\/users\/293"}],"replies":[{"embeddable":true,"href":"https:\/\/www.ufsm.br\/unidades-universitarias\/cachoeira-do-sul\/wp-json\/wp\/v2\/comments?post=4191"}],"version-history":[{"count":0,"href":"https:\/\/www.ufsm.br\/unidades-universitarias\/cachoeira-do-sul\/wp-json\/wp\/v2\/posts\/4191\/revisions"}],"wp:attachment":[{"href":"https:\/\/www.ufsm.br\/unidades-universitarias\/cachoeira-do-sul\/wp-json\/wp\/v2\/media?parent=4191"}],"wp:term":[{"taxonomy":"category","embeddable":true,"href":"https:\/\/www.ufsm.br\/unidades-universitarias\/cachoeira-do-sul\/wp-json\/wp\/v2\/categories?post=4191"},{"taxonomy":"post_tag","embeddable":true,"href":"https:\/\/www.ufsm.br\/unidades-universitarias\/cachoeira-do-sul\/wp-json\/wp\/v2\/tags?post=4191"}],"curies":[{"name":"wp","href":"https:\/\/api.w.org\/{rel}","templated":true}]}}