{"id":4199,"date":"2023-01-24T12:27:58","date_gmt":"2023-01-24T15:27:58","guid":{"rendered":"https:\/\/www.ufsm.br\/unidades-universitarias\/cachoeira-do-sul\/?p=4199"},"modified":"2023-01-31T10:02:19","modified_gmt":"2023-01-31T13:02:19","slug":"ufsm-cs-realiza-palestra-sobre-mobilidade-eletrica-e-apresenta-veiculo-100-eletrico","status":"publish","type":"post","link":"https:\/\/www.ufsm.br\/unidades-universitarias\/cachoeira-do-sul\/2023\/01\/24\/ufsm-cs-realiza-palestra-sobre-mobilidade-eletrica-e-apresenta-veiculo-100-eletrico","title":{"rendered":"UFSM-CS realiza palestra sobre mobilidade el\u00e9trica e apresenta ve\u00edculo 100% el\u00e9trico"},"content":{"rendered":"\n<figure id=\"attachment_4204\" aria-describedby=\"caption-attachment-4204\" style=\"width: 332px\" class=\"wp-caption alignright\"><a href=\"https:\/\/www.ufsm.br\/app\/uploads\/sites\/376\/2023\/01\/WhatsApp-Image-2023-01-27-at-10.35.24.jpeg\"><img fetchpriority=\"high\" decoding=\"async\" class=\"wp-image-4204 \" src=\"https:\/\/www.ufsm.br\/app\/uploads\/sites\/376\/2023\/01\/WhatsApp-Image-2023-01-27-at-10.35.24-300x225.jpeg\" alt=\"\" width=\"332\" height=\"249\" srcset=\"https:\/\/www.ufsm.br\/app\/uploads\/sites\/376\/2023\/01\/WhatsApp-Image-2023-01-27-at-10.35.24-300x225.jpeg 300w, https:\/\/www.ufsm.br\/app\/uploads\/sites\/376\/2023\/01\/WhatsApp-Image-2023-01-27-at-10.35.24-1024x768.jpeg 1024w, https:\/\/www.ufsm.br\/app\/uploads\/sites\/376\/2023\/01\/WhatsApp-Image-2023-01-27-at-10.35.24-768x576.jpeg 768w, https:\/\/www.ufsm.br\/app\/uploads\/sites\/376\/2023\/01\/WhatsApp-Image-2023-01-27-at-10.35.24.jpeg 1280w\" sizes=\"(max-width: 332px) 100vw, 332px\" \/><\/a><figcaption id=\"caption-attachment-4204\" class=\"wp-caption-text\">Carro 100% el\u00e9trico que estar\u00e1 exposto no estacionamento do campus na quinta-feira<\/figcaption><\/figure>\n<p><span style=\"color: #222222\"><span style=\"font-family: Arial, Helvetica, sans-serif\"><span style=\"font-size: medium\"><span style=\"color: #161616\"><span style=\"font-family: Arial, sans-serif\">N<\/span><\/span><span style=\"color: #161616\"><span style=\"font-family: Arial, sans-serif\">o dia 02 de fevereiro, quinta-feira,<\/span><\/span><span style=\"color: #161616\"><span style=\"font-family: Arial, sans-serif\"> \u00e0s 14h30min, no Audit\u00f3rio do campus da UFSM em Cachoeira do Sul (<\/span><\/span>Q4LAB1 \u2013 Sala 201), ir\u00e1 ocorrer a palestra \u201cM<span style=\"color: #161616\"><span style=\"font-family: Arial, sans-serif\">obilidade El\u00e9trica no Brasil e no Mundo: Overview de Padr\u00f5es, Integra\u00e7\u00e3o ao Sistema El\u00e9trico e Perspectivas de Pesquisa\u201d. <\/span><\/span><span style=\"color: #161616\"><span style=\"font-family: Arial, sans-serif\">O ministrante da palestra \u00e9<\/span><\/span> <span style=\"color: #161616\"><span style=\"font-family: Arial, sans-serif\">o <\/span><\/span>pesquisador do Centro de Excel\u00eancia em Energia e Sistemas de Pot\u00eancia (CEESP) da UFSM, Dr. Leonardo Nogueira Fontoura da Silva. O evento \u00e9 promovido pelo Grupo de Processamento de Energia e Sistemas de Pot\u00eancia (GPSIS) da UFSM-CS.<\/span><\/span><\/span><\/p>\n<p><span style=\"color: #222222\"><span style=\"font-family: Arial, Helvetica, sans-serif\"><span style=\"font-size: medium\">Ap\u00f3s a palestra, o Audi E-tron, Ve\u00edculo 100% El\u00e9trico (VE) estar\u00e1 exposto no estacionamento do campus. O VE, que pertence ao CEESP\/UFSM, \u00e9 fruto do Projeto Rota El\u00e9trica Mercosul, desenvolvido pela Universidade em parceria com a CEEE Equatorial via Programa de P&amp;Ds da ANEEL. Professores e acad\u00eamicos do campus da UFSM em Cachoeira do Sul participam da equipe do projeto. A previs\u00e3o \u00e9 que, ainda em 2023, o campus da UFSM-CS tamb\u00e9m passe a contar com uma Esta\u00e7\u00e3o de Recarga R\u00e1pida (ERR). Para saber mais sobre o projeto e a ERR, acesse o <a href=\"https:\/\/www.ufsm.br\/unidades-universitarias\/cachoeira-do-sul\/2022\/04\/14\/campus-da-ufsm-em-cachoeira-do-sul-recebera-estacao-de-recarga-rapida-err-para-veiculos-eletricos\">link<\/a>.<\/span><\/span><\/span><\/p>\n<p><span style=\"color: #222222\"><span style=\"font-family: Arial, Helvetica, sans-serif\"><span style=\"font-size: medium\">O evento \u00e9 gratuito e aberto ao p\u00fablico. A palestra tamb\u00e9m ser\u00e1 transmitida atrav\u00e9s do <a href=\"https:\/\/youtu.be\/5WUI5ic1VyU\">canal no Youtube do campus da UFSM em Cachoeira do Sul<\/a>.\u00a0<\/span><\/span><\/span><\/p>\n","protected":false},"excerpt":{"rendered":"<p>Ve\u00edculo \u00e9 fruto do Projeto Rota El\u00e9trica Mercosul que tamb\u00e9m trar\u00e1 uma Esta\u00e7\u00e3o de Recarga R\u00e1pida (ERR) para o campus de Cachoeira do Sul<\/p>\n","protected":false},"author":293,"featured_media":4200,"comment_status":"closed","ping_status":"closed","sticky":false,"template":"","format":"standard","meta":{"footnotes":""},"categories":[21,1],"tags":[],"class_list":["post-4199","post","type-post","status-publish","format-standard","has-post-thumbnail","hentry","category-banner","category-noticias"],"acf":[],"_links":{"self":[{"href":"https:\/\/www.ufsm.br\/unidades-universitarias\/cachoeira-do-sul\/wp-json\/wp\/v2\/posts\/4199","targetHints":{"allow":["GET"]}}],"collection":[{"href":"https:\/\/www.ufsm.br\/unidades-universitarias\/cachoeira-do-sul\/wp-json\/wp\/v2\/posts"}],"about":[{"href":"https:\/\/www.ufsm.br\/unidades-universitarias\/cachoeira-do-sul\/wp-json\/wp\/v2\/types\/post"}],"author":[{"embeddable":true,"href":"https:\/\/www.ufsm.br\/unidades-universitarias\/cachoeira-do-sul\/wp-json\/wp\/v2\/users\/293"}],"replies":[{"embeddable":true,"href":"https:\/\/www.ufsm.br\/unidades-universitarias\/cachoeira-do-sul\/wp-json\/wp\/v2\/comments?post=4199"}],"version-history":[{"count":0,"href":"https:\/\/www.ufsm.br\/unidades-universitarias\/cachoeira-do-sul\/wp-json\/wp\/v2\/posts\/4199\/revisions"}],"wp:featuredmedia":[{"embeddable":true,"href":"https:\/\/www.ufsm.br\/unidades-universitarias\/cachoeira-do-sul\/wp-json\/wp\/v2\/media\/4200"}],"wp:attachment":[{"href":"https:\/\/www.ufsm.br\/unidades-universitarias\/cachoeira-do-sul\/wp-json\/wp\/v2\/media?parent=4199"}],"wp:term":[{"taxonomy":"category","embeddable":true,"href":"https:\/\/www.ufsm.br\/unidades-universitarias\/cachoeira-do-sul\/wp-json\/wp\/v2\/categories?post=4199"},{"taxonomy":"post_tag","embeddable":true,"href":"https:\/\/www.ufsm.br\/unidades-universitarias\/cachoeira-do-sul\/wp-json\/wp\/v2\/tags?post=4199"}],"curies":[{"name":"wp","href":"https:\/\/api.w.org\/{rel}","templated":true}]}}