{"id":4201,"date":"2023-01-25T10:09:27","date_gmt":"2023-01-25T13:09:27","guid":{"rendered":"https:\/\/www.ufsm.br\/unidades-universitarias\/cachoeira-do-sul\/?p=4201"},"modified":"2023-01-25T10:31:43","modified_gmt":"2023-01-25T13:31:43","slug":"alunos-do-curso-de-arquitetura-e-urbanismo-apresentaram-propostas-para-a-qualificacao-dos-espacos-do-asilo-nossa-senhora-da-medianeira","status":"publish","type":"post","link":"https:\/\/www.ufsm.br\/unidades-universitarias\/cachoeira-do-sul\/2023\/01\/25\/alunos-do-curso-de-arquitetura-e-urbanismo-apresentaram-propostas-para-a-qualificacao-dos-espacos-do-asilo-nossa-senhora-da-medianeira","title":{"rendered":"Alunos do curso de Arquitetura e Urbanismo apresentaram propostas para a qualifica\u00e7\u00e3o dos espa\u00e7os do Asilo Nossa Senhora da Medianeira"},"content":{"rendered":"\n<p><a href=\"https:\/\/www.ufsm.br\/app\/uploads\/sites\/376\/2023\/01\/WhatsApp-Image-2023-01-24-at-18.16.01.jpeg\"><img fetchpriority=\"high\" decoding=\"async\" class=\" wp-image-4203 alignright\" src=\"https:\/\/www.ufsm.br\/app\/uploads\/sites\/376\/2023\/01\/WhatsApp-Image-2023-01-24-at-18.16.01-300x190.jpeg\" alt=\"\" width=\"397\" height=\"252\" srcset=\"https:\/\/www.ufsm.br\/app\/uploads\/sites\/376\/2023\/01\/WhatsApp-Image-2023-01-24-at-18.16.01-300x190.jpeg 300w, https:\/\/www.ufsm.br\/app\/uploads\/sites\/376\/2023\/01\/WhatsApp-Image-2023-01-24-at-18.16.01-768x486.jpeg 768w, https:\/\/www.ufsm.br\/app\/uploads\/sites\/376\/2023\/01\/WhatsApp-Image-2023-01-24-at-18.16.01.jpeg 1024w\" sizes=\"(max-width: 397px) 100vw, 397px\" \/><\/a>Estudantes e docentes receberam o diretor do Asilo Nossa Senhora Medianeira, Osvaldo Trojahn, na Sala Inovadora do campus da UFSM em Cachoeira do Sul, na tarde de ontem, dia 24, para apresentar propostas para a qualifica\u00e7\u00e3o dos espa\u00e7os da Institui\u00e7\u00e3o. As propostas foram desenvolvidas pelo Escrit\u00f3rio Modelo de Arquitetura e Urbanismo (EMAU) da UFSM-CS, em conjunto com os alunos da Disciplina Optativa de Projetos Colaborativos.<\/p>\n<p>A disciplina tem como objetivo principal formular diretrizes e propostas para melhorias no espa\u00e7o f\u00edsico com ideias que se adequassem \u00e0s in\u00fameras limita\u00e7\u00f5es existentes. Durante a execu\u00e7\u00e3o do trabalho, se buscou, tamb\u00e9m, refletir criticamente sobre a rela\u00e7\u00e3o entre demandas da comunidade e o papel do arquiteto urbanista, sensibilizando para uma pr\u00e1tica colaborativa, inovadora e de impacto. As propostas inclu\u00edram reestrutura\u00e7\u00e3o do telhado, \u00e1reas de servi\u00e7o, \u00e1reas de lazer e conv\u00edvio, recep\u00e7\u00e3o, espa\u00e7os livres e rampa acess\u00edvel.<\/p>\n<p>Esta parceria com o Asilo Nossa Senhora Medianeira j\u00e1 est\u00e1 sendo desenvolvida desde 2021, atrav\u00e9s do projeto \u201cQualifica\u00e7\u00e3o dos espa\u00e7os para a melhor idade: Asilo Nossa Senhora da Medianeira\u201d, coordenado pela profa. Laline Cenci, do curso de Arquitetura e Urbanismo. <a href=\"https:\/\/www.ufsm.br\/unidades-universitarias\/cachoeira-do-sul\/2022\/08\/17\/academicos-da-ufsm-cs-apresentam-propostas-de-qualificacao-dos-espacos-para-o-asilo-n-s-medianeira\">No final do semestre passado, os estudantes e docentes foram at\u00e9 o Asilo para apresentar suas propostas.<\/a><\/p>\n<p>O Escrit\u00f3rio Modelo de Arquitetura e Urbanismo (EMAU) \u00e9 um programa de extens\u00e3o da UFSM \u2013 Cachoeira do Sul. Para saber mais, siga o EMAU no Instagram ou entre em contato atrav\u00e9s do e-mail <a href=\"mailto:triade.emaucs@ufsm.br\">triade.emaucs@ufsm.br<\/a>.<\/p>\n","protected":false},"excerpt":{"rendered":"<p>Estudantes e docentes receberam o diretor do Asilo Nossa Senhora Medianeira, Osvaldo Trojahn, na Sala Inovadora do campus da UFSM em Cachoeira do Sul, na tarde de ontem, dia 24, para apresentar propostas para a qualifica\u00e7\u00e3o dos espa\u00e7os da Institui\u00e7\u00e3o. As propostas foram desenvolvidas pelo Escrit\u00f3rio Modelo de Arquitetura e Urbanismo (EMAU) da UFSM-CS, em [&hellip;]<\/p>\n","protected":false},"author":293,"featured_media":4202,"comment_status":"closed","ping_status":"closed","sticky":false,"template":"","format":"standard","meta":{"footnotes":""},"categories":[21,1],"tags":[],"class_list":["post-4201","post","type-post","status-publish","format-standard","has-post-thumbnail","hentry","category-banner","category-noticias"],"acf":[],"_links":{"self":[{"href":"https:\/\/www.ufsm.br\/unidades-universitarias\/cachoeira-do-sul\/wp-json\/wp\/v2\/posts\/4201","targetHints":{"allow":["GET"]}}],"collection":[{"href":"https:\/\/www.ufsm.br\/unidades-universitarias\/cachoeira-do-sul\/wp-json\/wp\/v2\/posts"}],"about":[{"href":"https:\/\/www.ufsm.br\/unidades-universitarias\/cachoeira-do-sul\/wp-json\/wp\/v2\/types\/post"}],"author":[{"embeddable":true,"href":"https:\/\/www.ufsm.br\/unidades-universitarias\/cachoeira-do-sul\/wp-json\/wp\/v2\/users\/293"}],"replies":[{"embeddable":true,"href":"https:\/\/www.ufsm.br\/unidades-universitarias\/cachoeira-do-sul\/wp-json\/wp\/v2\/comments?post=4201"}],"version-history":[{"count":0,"href":"https:\/\/www.ufsm.br\/unidades-universitarias\/cachoeira-do-sul\/wp-json\/wp\/v2\/posts\/4201\/revisions"}],"wp:featuredmedia":[{"embeddable":true,"href":"https:\/\/www.ufsm.br\/unidades-universitarias\/cachoeira-do-sul\/wp-json\/wp\/v2\/media\/4202"}],"wp:attachment":[{"href":"https:\/\/www.ufsm.br\/unidades-universitarias\/cachoeira-do-sul\/wp-json\/wp\/v2\/media?parent=4201"}],"wp:term":[{"taxonomy":"category","embeddable":true,"href":"https:\/\/www.ufsm.br\/unidades-universitarias\/cachoeira-do-sul\/wp-json\/wp\/v2\/categories?post=4201"},{"taxonomy":"post_tag","embeddable":true,"href":"https:\/\/www.ufsm.br\/unidades-universitarias\/cachoeira-do-sul\/wp-json\/wp\/v2\/tags?post=4201"}],"curies":[{"name":"wp","href":"https:\/\/api.w.org\/{rel}","templated":true}]}}