{"id":4206,"date":"2023-01-31T14:46:25","date_gmt":"2023-01-31T17:46:25","guid":{"rendered":"https:\/\/www.ufsm.br\/unidades-universitarias\/cachoeira-do-sul\/?p=4206"},"modified":"2023-01-31T14:46:26","modified_gmt":"2023-01-31T17:46:26","slug":"ufsm-cs-abre-chamada-publica-para-cadastro-de-apoiadores-do-viva-o-campus","status":"publish","type":"post","link":"https:\/\/www.ufsm.br\/unidades-universitarias\/cachoeira-do-sul\/2023\/01\/31\/ufsm-cs-abre-chamada-publica-para-cadastro-de-apoiadores-do-viva-o-campus","title":{"rendered":"UFSM-CS abre Chamada P\u00fablica para cadastro de apoiadores do Viva o Campus"},"content":{"rendered":"\n<p>Iniciam hoje (31), as inscri\u00e7\u00f5es para o cadastro de interessados em promover e apoiar atividades art\u00edsticas, culturais, educativas, de sa\u00fade e de lazer, al\u00e9m de empreendedores locais e da regi\u00e3o que queiram expor e\/ou comercializar seus produtos, durante a realiza\u00e7\u00e3o do \u201cViva o Campus 2023 \u2013 UFSM-CS \u2013 2\u00aa edi\u00e7\u00e3o\u201d, que ser\u00e1 realizado no 1\u00ba semestre letivo de 2023, entre os meses de mar\u00e7o e maio.<\/p>\n<p>Poder\u00e3o participar desta chamada p\u00fablica empresas, entidades, institui\u00e7\u00f5es, associa\u00e7\u00f5es e organiza\u00e7\u00f5es, legalmente constitu\u00eddas, privadas ou p\u00fablicas, com ou sem fins lucrativos, e\/ou microempreendedores individuais (MEI). Os interessados poder\u00e3o realizar suas inscri\u00e7\u00f5es para o cadastro atrav\u00e9s de e-mail eletr\u00f4nico <a class=\"notranslate\" href=\"mailto:cs.cadastro@ufsm.br\">cs.cadastro@ufsm.br<\/a>, at\u00e9 o dia 01 de mar\u00e7o de 2023.<\/p>\n<p>Para saber mais informa\u00e7\u00f5es, acesse a\u00a0<a href=\"https:\/\/www.ufsm.br\/unidades-universitarias\/cachoeira-do-sul\/editais\/001-2023\">p\u00e1gina do edital<\/a>.<\/p>\n","protected":false},"excerpt":{"rendered":"<p>Iniciam hoje (31), as inscri\u00e7\u00f5es para o cadastro de interessados em promover e apoiar atividades art\u00edsticas, culturais, educativas, de sa\u00fade e de lazer, al\u00e9m de empreendedores locais e da regi\u00e3o que queiram expor e\/ou comercializar seus produtos, durante a realiza\u00e7\u00e3o do \u201cViva o Campus 2023 \u2013 UFSM-CS \u2013 2\u00aa edi\u00e7\u00e3o\u201d, que ser\u00e1 realizado no 1\u00ba [&hellip;]<\/p>\n","protected":false},"author":293,"featured_media":4207,"comment_status":"closed","ping_status":"closed","sticky":false,"template":"","format":"standard","meta":{"footnotes":""},"categories":[21,1],"tags":[],"class_list":["post-4206","post","type-post","status-publish","format-standard","has-post-thumbnail","hentry","category-banner","category-noticias"],"acf":[],"_links":{"self":[{"href":"https:\/\/www.ufsm.br\/unidades-universitarias\/cachoeira-do-sul\/wp-json\/wp\/v2\/posts\/4206","targetHints":{"allow":["GET"]}}],"collection":[{"href":"https:\/\/www.ufsm.br\/unidades-universitarias\/cachoeira-do-sul\/wp-json\/wp\/v2\/posts"}],"about":[{"href":"https:\/\/www.ufsm.br\/unidades-universitarias\/cachoeira-do-sul\/wp-json\/wp\/v2\/types\/post"}],"author":[{"embeddable":true,"href":"https:\/\/www.ufsm.br\/unidades-universitarias\/cachoeira-do-sul\/wp-json\/wp\/v2\/users\/293"}],"replies":[{"embeddable":true,"href":"https:\/\/www.ufsm.br\/unidades-universitarias\/cachoeira-do-sul\/wp-json\/wp\/v2\/comments?post=4206"}],"version-history":[{"count":0,"href":"https:\/\/www.ufsm.br\/unidades-universitarias\/cachoeira-do-sul\/wp-json\/wp\/v2\/posts\/4206\/revisions"}],"wp:featuredmedia":[{"embeddable":true,"href":"https:\/\/www.ufsm.br\/unidades-universitarias\/cachoeira-do-sul\/wp-json\/wp\/v2\/media\/4207"}],"wp:attachment":[{"href":"https:\/\/www.ufsm.br\/unidades-universitarias\/cachoeira-do-sul\/wp-json\/wp\/v2\/media?parent=4206"}],"wp:term":[{"taxonomy":"category","embeddable":true,"href":"https:\/\/www.ufsm.br\/unidades-universitarias\/cachoeira-do-sul\/wp-json\/wp\/v2\/categories?post=4206"},{"taxonomy":"post_tag","embeddable":true,"href":"https:\/\/www.ufsm.br\/unidades-universitarias\/cachoeira-do-sul\/wp-json\/wp\/v2\/tags?post=4206"}],"curies":[{"name":"wp","href":"https:\/\/api.w.org\/{rel}","templated":true}]}}