{"id":4211,"date":"2023-02-06T11:42:25","date_gmt":"2023-02-06T14:42:25","guid":{"rendered":"https:\/\/www.ufsm.br\/unidades-universitarias\/cachoeira-do-sul\/?p=4211"},"modified":"2023-02-06T11:46:35","modified_gmt":"2023-02-06T14:46:35","slug":"ufsm-cs-oferece-70-vagas-para-ingresso-e-reingresso-em-seus-cursos-de-graduacao","status":"publish","type":"post","link":"https:\/\/www.ufsm.br\/unidades-universitarias\/cachoeira-do-sul\/2023\/02\/06\/ufsm-cs-oferece-70-vagas-para-ingresso-e-reingresso-em-seus-cursos-de-graduacao","title":{"rendered":"UFSM-CS oferece 70 vagas para ingresso e reingresso em seus cursos de gradua\u00e7\u00e3o"},"content":{"rendered":"\n<p><a href=\"https:\/\/www.ufsm.br\/app\/uploads\/sites\/376\/2023\/02\/Card-Ingresso-e-Reingresso.jpg\"><img fetchpriority=\"high\" decoding=\"async\" class=\" wp-image-4212 alignright\" src=\"https:\/\/www.ufsm.br\/app\/uploads\/sites\/376\/2023\/02\/Card-Ingresso-e-Reingresso-300x300.jpg\" alt=\"\" width=\"376\" height=\"376\" srcset=\"https:\/\/www.ufsm.br\/app\/uploads\/sites\/376\/2023\/02\/Card-Ingresso-e-Reingresso-300x300.jpg 300w, https:\/\/www.ufsm.br\/app\/uploads\/sites\/376\/2023\/02\/Card-Ingresso-e-Reingresso-1024x1024.jpg 1024w, https:\/\/www.ufsm.br\/app\/uploads\/sites\/376\/2023\/02\/Card-Ingresso-e-Reingresso-150x150.jpg 150w, https:\/\/www.ufsm.br\/app\/uploads\/sites\/376\/2023\/02\/Card-Ingresso-e-Reingresso-768x768.jpg 768w, https:\/\/www.ufsm.br\/app\/uploads\/sites\/376\/2023\/02\/Card-Ingresso-e-Reingresso.jpg 1080w\" sizes=\"(max-width: 376px) 100vw, 376px\" \/><\/a>A UFSM, por meio da Pr\u00f3-Reitoria de Gradua\u00e7\u00e3o (Prograd) e das coordena\u00e7\u00f5es dos cursos de gradua\u00e7\u00e3o presenciais, abriu inscri\u00e7\u00f5es ao processo seletivo de ingresso e reingresso em cursos presenciais de gradua\u00e7\u00e3o para in\u00edcio das atividades acad\u00eamicas no 1\u00ba semestre letivo de 2023. Para Cachoeira do Sul, s\u00e3o 70 vagas para os cinco cursos de gradua\u00e7\u00e3o do campus, sendo:<\/p>\n<ul>\n<li>\n<p>Arquitetura e Urbanismo: 10 vagas;<\/p>\n<\/li>\n<li>\n<p>Engenharia Agr\u00edcola: 20 vagas;<\/p>\n<\/li>\n<li>\n<p>Engenharia El\u00e9trica: 10 vagas;<\/p>\n<\/li>\n<li>\n<p>Engenharia Mec\u00e2nica: 15 vagas;<\/p>\n<\/li>\n<li>\n<p>Engenharia de Transportes e Log\u00edstica: 15 vagas.<\/p>\n<\/li>\n<\/ul>\n<p>As inscri\u00e7\u00f5es podem ser feitas at\u00e9 as 12h do dia 17 de fevereiro, via web. A isen\u00e7\u00e3o da taxa de inscri\u00e7\u00e3o (que \u00e9 de R$ 37,00) poder\u00e1 ser solicitada por candidatos de baixa renda nos dias 13 e 14 de fevereiro.<\/p>\n<p>A publica\u00e7\u00e3o do resultado final ap\u00f3s recursos e das orienta\u00e7\u00f5es para confirma\u00e7\u00e3o de vaga est\u00e1 prevista para 17 de mar\u00e7o.<\/p>\n<p>O edital com as orienta\u00e7\u00f5es gerais, editais espec\u00edficos dos cursos com as vagas dispon\u00edveis e acesso ao sistema de inscri\u00e7\u00f5es est\u00e3o dispon\u00edveis no <span style=\"color: #0000ff\"><a style=\"color: #0000ff\" href=\"https:\/\/www.ufsm.br\/pro-reitorias\/prograd\/editais\/003-2023\">site da Prograd.<\/a><\/span><\/p>\n<p>\u00a0<\/p>\n<p>Modalidades dispon\u00edveis:<\/p>\n<p>\u2013 Reingresso: para candidatos que tenham abandonado ou cancelado algum curso de gradua\u00e7\u00e3o da UFSM e pretendam reingressar no mesmo curso previamente<\/p>\n<p>abandonado\/cancelado;<\/p>\n<p>\u2013 Transfer\u00eancia interna: para candidatos regularmente matriculados ou com trancamento total do semestre em curso de gradua\u00e7\u00e3o da UFSM de qualquer campi, que pretendam trocar para outro curso de gradua\u00e7\u00e3o da UFSM;<\/p>\n<p>\u2013 Transfer\u00eancia externa: para candidatos regularmente matriculados ou com trancamento total em curso de gradua\u00e7\u00e3o de outra Institui\u00e7\u00e3o de Ensino Superior que pretendam ser transferidos para a UFSM;<\/p>\n<p>\u2013 Portador de diploma: para candidatos diplomados em cursos de gradua\u00e7\u00e3o reconhecidos nacionalmente;<\/p>\n<p>\u2013 Reingresso com transfer\u00eancia interna: para candidatos que tenham abandonado ou cancelado algum curso de gradua\u00e7\u00e3o da UFSM e pretendam retornar \u00e0 Universidade em curso diferente daquele abandonado\/cancelado.<\/p>\n<p>\u00a0<\/p>\n<p><em>Arte: Andressa Goulart Gon\u00e7alves e Daniel Michelon De Carli\/Unidade de Comunica\u00e7\u00e3o Integrada<\/em><\/p>\n","protected":false},"excerpt":{"rendered":"<p>Inscri\u00e7\u00f5es para o processo seletivo v\u00e3o at\u00e9 17 de fevereiro<\/p>\n","protected":false},"author":293,"featured_media":4213,"comment_status":"closed","ping_status":"closed","sticky":false,"template":"","format":"standard","meta":{"footnotes":""},"categories":[21,1],"tags":[],"class_list":["post-4211","post","type-post","status-publish","format-standard","has-post-thumbnail","hentry","category-banner","category-noticias"],"acf":[],"_links":{"self":[{"href":"https:\/\/www.ufsm.br\/unidades-universitarias\/cachoeira-do-sul\/wp-json\/wp\/v2\/posts\/4211","targetHints":{"allow":["GET"]}}],"collection":[{"href":"https:\/\/www.ufsm.br\/unidades-universitarias\/cachoeira-do-sul\/wp-json\/wp\/v2\/posts"}],"about":[{"href":"https:\/\/www.ufsm.br\/unidades-universitarias\/cachoeira-do-sul\/wp-json\/wp\/v2\/types\/post"}],"author":[{"embeddable":true,"href":"https:\/\/www.ufsm.br\/unidades-universitarias\/cachoeira-do-sul\/wp-json\/wp\/v2\/users\/293"}],"replies":[{"embeddable":true,"href":"https:\/\/www.ufsm.br\/unidades-universitarias\/cachoeira-do-sul\/wp-json\/wp\/v2\/comments?post=4211"}],"version-history":[{"count":0,"href":"https:\/\/www.ufsm.br\/unidades-universitarias\/cachoeira-do-sul\/wp-json\/wp\/v2\/posts\/4211\/revisions"}],"wp:featuredmedia":[{"embeddable":true,"href":"https:\/\/www.ufsm.br\/unidades-universitarias\/cachoeira-do-sul\/wp-json\/wp\/v2\/media\/4213"}],"wp:attachment":[{"href":"https:\/\/www.ufsm.br\/unidades-universitarias\/cachoeira-do-sul\/wp-json\/wp\/v2\/media?parent=4211"}],"wp:term":[{"taxonomy":"category","embeddable":true,"href":"https:\/\/www.ufsm.br\/unidades-universitarias\/cachoeira-do-sul\/wp-json\/wp\/v2\/categories?post=4211"},{"taxonomy":"post_tag","embeddable":true,"href":"https:\/\/www.ufsm.br\/unidades-universitarias\/cachoeira-do-sul\/wp-json\/wp\/v2\/tags?post=4211"}],"curies":[{"name":"wp","href":"https:\/\/api.w.org\/{rel}","templated":true}]}}