{"id":4272,"date":"2023-02-16T07:46:12","date_gmt":"2023-02-16T10:46:12","guid":{"rendered":"https:\/\/www.ufsm.br\/unidades-universitarias\/cachoeira-do-sul\/?p=4272"},"modified":"2023-02-16T07:46:56","modified_gmt":"2023-02-16T10:46:56","slug":"ufsm-cs-oferece-190-vagas-no-sisu-para-o-primeiro-semestre-de-2023","status":"publish","type":"post","link":"https:\/\/www.ufsm.br\/unidades-universitarias\/cachoeira-do-sul\/2023\/02\/16\/ufsm-cs-oferece-190-vagas-no-sisu-para-o-primeiro-semestre-de-2023","title":{"rendered":"<strong>UFSM-CS oferece 190 vagas no SiSU para o primeiro semestre de 2023<\/strong>"},"content":{"rendered":"\n<p><a href=\"https:\/\/www.ufsm.br\/app\/uploads\/sites\/376\/2023\/02\/SiSU23-CARD-Inscricoes-abertas.jpg\"><img fetchpriority=\"high\" decoding=\"async\" class=\" wp-image-4270 alignright\" src=\"https:\/\/www.ufsm.br\/app\/uploads\/sites\/376\/2023\/02\/SiSU23-CARD-Inscricoes-abertas-300x300.jpg\" alt=\"\" width=\"344\" height=\"344\" srcset=\"https:\/\/www.ufsm.br\/app\/uploads\/sites\/376\/2023\/02\/SiSU23-CARD-Inscricoes-abertas-300x300.jpg 300w, https:\/\/www.ufsm.br\/app\/uploads\/sites\/376\/2023\/02\/SiSU23-CARD-Inscricoes-abertas-1024x1024.jpg 1024w, https:\/\/www.ufsm.br\/app\/uploads\/sites\/376\/2023\/02\/SiSU23-CARD-Inscricoes-abertas-150x150.jpg 150w, https:\/\/www.ufsm.br\/app\/uploads\/sites\/376\/2023\/02\/SiSU23-CARD-Inscricoes-abertas-768x768.jpg 768w, https:\/\/www.ufsm.br\/app\/uploads\/sites\/376\/2023\/02\/SiSU23-CARD-Inscricoes-abertas.jpg 1080w\" sizes=\"(max-width: 344px) 100vw, 344px\" \/><\/a>Est\u00e3o abertas as inscri\u00e7\u00f5es para o Sistema de Sele\u00e7\u00e3o Unificada (SiSU), processo seletivo para o ingresso na UFSM. <strong>O prazo para as inscri\u00e7\u00f5es v\u00e3o at\u00e9 o dia 24 de fevereiro.<\/strong> Ao todo, na UFSM, neste semestre, ser\u00e3o ofertadas 3.431 vagas em 89 cursos de gradua\u00e7\u00e3o. No campus de Cachoeira do Sul, s\u00e3o <strong>190 vagas em seus 05 cursos<\/strong>, sendo:<br \/>&#8211; 30 vagas para Arquitetura e Urbanismo;<br \/>&#8211; 40 vagas para Engenharia Agr\u00edcola;<br \/>&#8211; 40 vagas para Engenharia El\u00e9trica;<br \/>&#8211; 40 vagas para Engenharia Mec\u00e2nica; e<br \/>&#8211; 40 vagas para Engenharia de transportes e Log\u00edstica.<\/p>\n<p>As inscri\u00e7\u00f5es pelo SiSU devem ser feitas atrav\u00e9s do site <strong><a href=\"https:\/\/acessounico.mec.gov.br\/sisu\">https:\/\/acessounico.mec.gov.br\/sisu<\/a><\/strong>. Em breve, a UFSM publicar\u00e1, no site\u00a0<strong><a href=\"http:\/\/ufsm.br\/sisu\">ufsm.br\/sisu<\/a><\/strong>, o\u00a0<strong>Edital da Chamada Regular do SiSU 2023\/1<\/strong>, bem como seu cronograma da sele\u00e7\u00e3o. Para saber mais detalhes sobre as exig\u00eancias para o ingresso nos cursos da UFSM, como peso e nota m\u00ednima exigidos nas provas do Enem, acesse o <strong><a href=\"https:\/\/www.ufsm.br\/app\/uploads\/sites\/501\/2022\/11\/termo_adesao-ufsm-sisu-2023_1.pdf\">Termo de Ades\u00e3o<\/a><\/strong>.<\/p>\n<p><span style=\"background-color: #00ccff;color: #000000\"><strong>PRINCIPAIS DATAS E INFORMA\u00c7\u00d5ES DO SISU UFSM 2023\/1:<\/strong><\/span><br \/>\u2022 <strong>Inscri\u00e7\u00e3o:<\/strong> de <strong>16\/02\/23 a 24\/02\/23<\/strong> em <strong><a href=\"https:\/\/sisualuno.mec.gov.br\/#\/login\">https:\/\/sisualuno.mec.gov.br\/#\/login<\/a><\/strong><br \/>\u2022 <strong>Cursos Ofertados e Vagas:<\/strong>\u00a0<strong><a href=\"http:\/\/sisu.mec.gov.br\/#\/vagas\">sisu.mec.gov.br\/#\/vagas<\/a><\/strong><br \/>\u2022 <a href=\"https:\/\/www.ufsm.br\/app\/uploads\/sites\/501\/2022\/11\/termo_adesao-ufsm-sisu-2023_1.pdf\"><strong>Termo de Ades\u00e3o SiSU\/UFSM<\/strong><\/a><br \/>\u2022 <strong>Resultado da Chamada Regular:<\/strong> <strong>28\/02\/23<\/strong> em\u00a0<strong><a href=\"http:\/\/acessounico.mec.gov.br\/sisu\">acessounico.mec.gov.br\/sisu<\/a><\/strong><br \/>\u2022 <strong>Envio da Documenta\u00e7\u00e3o para Confirma\u00e7\u00e3o de Vaga e Matr\u00edcula:<\/strong> de <strong>02\/03\/23 a 08\/03\/23<\/strong>, de acordo com as instru\u00e7\u00f5es do\u00a0Edital da Chamada Regular, a ser publicado em\u00a0<strong><a href=\"http:\/\/ufsm.br\/sisu\">ufsm.br\/sisu<\/a><\/strong><br \/>\u2022 <strong>Webconfer\u00eancias\/Entrevistas\u00a0<\/strong>para pessoas classificadas na Chamada Regular nas\u00a0cotas \u00e9tnico-raciais\u00a0e\/ou destinadas a\u00a0pessoa com defici\u00eancia\u00a0(c\u00f3digos\u00a0L2, L6, L9, L10, L13 e L14): instru\u00e7\u00f5es ser\u00e3o divulgadas em\u00a0<strong><a href=\"http:\/\/ufsm.br\/sisu\">ufsm.br\/sisu\u00a0<\/a><\/strong><br \/>\u2022 <strong>Manifesta\u00e7\u00e3o de interesse na Lista de Espera<\/strong>, para quem n\u00e3o for classificado(a) em nenhuma das suas duas op\u00e7\u00f5es de curso na Chamada Regular: de <strong>28\/02\/23 a 08\/03\/23<\/strong>, em\u00a0<strong><a href=\"http:\/\/acessounico.mec.gov.br\/sisu\">acessounico.mec.gov.br\/sisu<\/a><\/strong><br \/>\u2022<strong> Primeira Chamada Oral da Lista de Espera UFSM<\/strong>: ap\u00f3s <strong>12\/03\/23<\/strong>. Data, local, procedimentos e edital ser\u00e3o divulgados em\u00a0ufsm.br\/sisu\u00a0<br \/>Outras informa\u00e7\u00f5es podem ser obtidas na <strong><a href=\"https:\/\/www.ufsm.br\/pro-reitorias\/prograd\/sisu\">p\u00e1gina do SiSU UFSM<\/a><\/strong>, pelo <strong>e-mail\u00a0copa.sisu@ufsm.br<\/strong>, na p\u00e1gina\u00a0<strong><a href=\"https:\/\/www.facebook.com\/confirmacaodevagaUFSM\/\">Confirma\u00e7\u00e3o de Vaga\u2013UFSM<\/a><\/strong>\u00a0no Facebook ou pelo fone\u00a0<strong>(55) 3220-8187<\/strong>.<\/p>\n","protected":false},"excerpt":{"rendered":"<p>Est\u00e3o abertas as inscri\u00e7\u00f5es para o Sistema de Sele\u00e7\u00e3o Unificada (SiSU), processo seletivo para o ingresso na UFSM. O prazo para as inscri\u00e7\u00f5es v\u00e3o at\u00e9 o dia 24 de fevereiro. Ao todo, na UFSM, neste semestre, ser\u00e3o ofertadas 3.431 vagas em 89 cursos de gradua\u00e7\u00e3o. No campus de Cachoeira do Sul, s\u00e3o 190 vagas em [&hellip;]<\/p>\n","protected":false},"author":293,"featured_media":4273,"comment_status":"closed","ping_status":"closed","sticky":false,"template":"","format":"standard","meta":{"footnotes":""},"categories":[21,1],"tags":[],"class_list":["post-4272","post","type-post","status-publish","format-standard","has-post-thumbnail","hentry","category-banner","category-noticias"],"acf":[],"_links":{"self":[{"href":"https:\/\/www.ufsm.br\/unidades-universitarias\/cachoeira-do-sul\/wp-json\/wp\/v2\/posts\/4272","targetHints":{"allow":["GET"]}}],"collection":[{"href":"https:\/\/www.ufsm.br\/unidades-universitarias\/cachoeira-do-sul\/wp-json\/wp\/v2\/posts"}],"about":[{"href":"https:\/\/www.ufsm.br\/unidades-universitarias\/cachoeira-do-sul\/wp-json\/wp\/v2\/types\/post"}],"author":[{"embeddable":true,"href":"https:\/\/www.ufsm.br\/unidades-universitarias\/cachoeira-do-sul\/wp-json\/wp\/v2\/users\/293"}],"replies":[{"embeddable":true,"href":"https:\/\/www.ufsm.br\/unidades-universitarias\/cachoeira-do-sul\/wp-json\/wp\/v2\/comments?post=4272"}],"version-history":[{"count":0,"href":"https:\/\/www.ufsm.br\/unidades-universitarias\/cachoeira-do-sul\/wp-json\/wp\/v2\/posts\/4272\/revisions"}],"wp:featuredmedia":[{"embeddable":true,"href":"https:\/\/www.ufsm.br\/unidades-universitarias\/cachoeira-do-sul\/wp-json\/wp\/v2\/media\/4273"}],"wp:attachment":[{"href":"https:\/\/www.ufsm.br\/unidades-universitarias\/cachoeira-do-sul\/wp-json\/wp\/v2\/media?parent=4272"}],"wp:term":[{"taxonomy":"category","embeddable":true,"href":"https:\/\/www.ufsm.br\/unidades-universitarias\/cachoeira-do-sul\/wp-json\/wp\/v2\/categories?post=4272"},{"taxonomy":"post_tag","embeddable":true,"href":"https:\/\/www.ufsm.br\/unidades-universitarias\/cachoeira-do-sul\/wp-json\/wp\/v2\/tags?post=4272"}],"curies":[{"name":"wp","href":"https:\/\/api.w.org\/{rel}","templated":true}]}}