{"id":4274,"date":"2023-02-23T11:35:55","date_gmt":"2023-02-23T14:35:55","guid":{"rendered":"https:\/\/www.ufsm.br\/unidades-universitarias\/cachoeira-do-sul\/?p=4274"},"modified":"2023-02-23T11:35:58","modified_gmt":"2023-02-23T14:35:58","slug":"direcao-da-ufsm-cs-recebe-representantes-do-senac-cachoeira-do-sul","status":"publish","type":"post","link":"https:\/\/www.ufsm.br\/unidades-universitarias\/cachoeira-do-sul\/2023\/02\/23\/direcao-da-ufsm-cs-recebe-representantes-do-senac-cachoeira-do-sul","title":{"rendered":"Dire\u00e7\u00e3o da UFSM-CS recebe representantes do Senac Cachoeira do Sul"},"content":{"rendered":"\n<figure id=\"attachment_4275\" aria-describedby=\"caption-attachment-4275\" style=\"width: 300px\" class=\"wp-caption alignright\"><a href=\"https:\/\/www.ufsm.br\/app\/uploads\/sites\/376\/2023\/02\/Reuniao-com-o-SENAC.jpeg\"><img fetchpriority=\"high\" decoding=\"async\" class=\"wp-image-4275 size-medium\" src=\"https:\/\/www.ufsm.br\/app\/uploads\/sites\/376\/2023\/02\/Reuniao-com-o-SENAC-300x169.jpeg\" alt=\"\" width=\"300\" height=\"169\" srcset=\"https:\/\/www.ufsm.br\/app\/uploads\/sites\/376\/2023\/02\/Reuniao-com-o-SENAC-300x169.jpeg 300w, https:\/\/www.ufsm.br\/app\/uploads\/sites\/376\/2023\/02\/Reuniao-com-o-SENAC-1024x576.jpeg 1024w, https:\/\/www.ufsm.br\/app\/uploads\/sites\/376\/2023\/02\/Reuniao-com-o-SENAC-768x432.jpeg 768w, https:\/\/www.ufsm.br\/app\/uploads\/sites\/376\/2023\/02\/Reuniao-com-o-SENAC-1536x864.jpeg 1536w, https:\/\/www.ufsm.br\/app\/uploads\/sites\/376\/2023\/02\/Reuniao-com-o-SENAC.jpeg 1600w\" sizes=\"(max-width: 300px) 100vw, 300px\" \/><\/a><figcaption id=\"caption-attachment-4275\" class=\"wp-caption-text\">Lucas, J\u00falio, Anderson e Jennifer.<\/figcaption><\/figure>\n<p>Na manh\u00e3 desta quinta-feira (23), o diretor do campus, Anderson Dal Molin, e o coordenador Administrativo, J\u00falio Modesto, estiveram reunidos com representantes do Servi\u00e7o Nacional de Aprendizagem Comercial (Senac) de Cachoeira do Sul. A l\u00edder de rela\u00e7\u00f5es com o mercado do Senac Cachoeira, Jennifer Bohrer, e o facilitador de Solu\u00e7\u00f5es Corporativas, Lucas Santos, vieram at\u00e9 o campus para conversar sobre poss\u00edveis parcerias, apresentar a escola t\u00e9cnica e oferecer salas e espa\u00e7os f\u00edsicos que a institui\u00e7\u00e3o possui no centro da cidade.<\/p>\n<p>\u00a0<\/p>\n","protected":false},"excerpt":{"rendered":"<p>Na manh\u00e3 desta quinta-feira (23), o diretor do campus, Anderson Dal Molin, e o coordenador Administrativo, J\u00falio Modesto, estiveram reunidos com representantes do Servi\u00e7o Nacional de Aprendizagem Comercial (Senac) de Cachoeira do Sul. A l\u00edder de rela\u00e7\u00f5es com o mercado do Senac Cachoeira, Jennifer Bohrer, e o facilitador de Solu\u00e7\u00f5es Corporativas, Lucas Santos, vieram at\u00e9 [&hellip;]<\/p>\n","protected":false},"author":293,"featured_media":0,"comment_status":"closed","ping_status":"closed","sticky":false,"template":"","format":"standard","meta":{"footnotes":""},"categories":[1],"tags":[],"class_list":["post-4274","post","type-post","status-publish","format-standard","hentry","category-noticias"],"acf":[],"_links":{"self":[{"href":"https:\/\/www.ufsm.br\/unidades-universitarias\/cachoeira-do-sul\/wp-json\/wp\/v2\/posts\/4274","targetHints":{"allow":["GET"]}}],"collection":[{"href":"https:\/\/www.ufsm.br\/unidades-universitarias\/cachoeira-do-sul\/wp-json\/wp\/v2\/posts"}],"about":[{"href":"https:\/\/www.ufsm.br\/unidades-universitarias\/cachoeira-do-sul\/wp-json\/wp\/v2\/types\/post"}],"author":[{"embeddable":true,"href":"https:\/\/www.ufsm.br\/unidades-universitarias\/cachoeira-do-sul\/wp-json\/wp\/v2\/users\/293"}],"replies":[{"embeddable":true,"href":"https:\/\/www.ufsm.br\/unidades-universitarias\/cachoeira-do-sul\/wp-json\/wp\/v2\/comments?post=4274"}],"version-history":[{"count":0,"href":"https:\/\/www.ufsm.br\/unidades-universitarias\/cachoeira-do-sul\/wp-json\/wp\/v2\/posts\/4274\/revisions"}],"wp:attachment":[{"href":"https:\/\/www.ufsm.br\/unidades-universitarias\/cachoeira-do-sul\/wp-json\/wp\/v2\/media?parent=4274"}],"wp:term":[{"taxonomy":"category","embeddable":true,"href":"https:\/\/www.ufsm.br\/unidades-universitarias\/cachoeira-do-sul\/wp-json\/wp\/v2\/categories?post=4274"},{"taxonomy":"post_tag","embeddable":true,"href":"https:\/\/www.ufsm.br\/unidades-universitarias\/cachoeira-do-sul\/wp-json\/wp\/v2\/tags?post=4274"}],"curies":[{"name":"wp","href":"https:\/\/api.w.org\/{rel}","templated":true}]}}