{"id":4277,"date":"2023-02-28T10:08:23","date_gmt":"2023-02-28T13:08:23","guid":{"rendered":"https:\/\/www.ufsm.br\/unidades-universitarias\/cachoeira-do-sul\/?p=4277"},"modified":"2023-02-28T10:13:54","modified_gmt":"2023-02-28T13:13:54","slug":"classificadosas-no-sisu-2023-1-terao-de-02-a-06-de-marco-para-entregar-a-documentacao-para-confirmacao-de-vaga","status":"publish","type":"post","link":"https:\/\/www.ufsm.br\/unidades-universitarias\/cachoeira-do-sul\/2023\/02\/28\/classificadosas-no-sisu-2023-1-terao-de-02-a-06-de-marco-para-entregar-a-documentacao-para-confirmacao-de-vaga","title":{"rendered":"Classificados(as) no SISU 2023\/1 ter\u00e3o de 02 a 06 de mar\u00e7o para entregar a documenta\u00e7\u00e3o para confirma\u00e7\u00e3o de vaga"},"content":{"rendered":"\n<p><img fetchpriority=\"high\" decoding=\"async\" class=\"alignright size-full wp-image-4278\" src=\"https:\/\/www.ufsm.br\/app\/uploads\/sites\/376\/2023\/02\/chamada-regular.jpeg\" alt=\"\" width=\"300\" height=\"300\" srcset=\"https:\/\/www.ufsm.br\/app\/uploads\/sites\/376\/2023\/02\/chamada-regular.jpeg 300w, https:\/\/www.ufsm.br\/app\/uploads\/sites\/376\/2023\/02\/chamada-regular-150x150.jpeg 150w\" sizes=\"(max-width: 300px) 100vw, 300px\" \/>No dia de hoje (28 de fevereiro) foi divulgada a\u00a0Lista dos Classificados da Chamada Regular do SiSU no site \u00a0<a href=\"https:\/\/acessounico.mec.gov.br\/sisu\" target=\"_blank\" rel=\"noopener\"><strong>acessounico.mec.gov.br\/sisu<\/strong><\/a>. As pessoas classificadas precisar\u00e3o enviar,\u00a0<strong>de 02 a 06 de mar\u00e7o<\/strong>, os documentos solicitados pelo edital da UFSM para a confirma\u00e7\u00e3o de vaga.<\/p>\n<p>A confirma\u00e7\u00e3o de vaga \u00e9 realizada por meio do envio da documenta\u00e7\u00e3o digitalizada no\u00a0<a href=\"https:\/\/portal.ufsm.br\/confirmacao\/loginCandidato.html\" target=\"_blank\" rel=\"noopener\"><strong>Portal de Confirma\u00e7\u00e3o de Vaga<\/strong><\/a>\u00a0da UFSM,\u00a0<strong><a href=\"https:\/\/www.ufsm.br\/pro-reitorias\/prograd\/sisu\/editais\/019-2023\">conforme orienta\u00e7\u00f5es do edital<\/a><\/strong>, de acordo com a op\u00e7\u00e3o por cota ou ampla concorr\u00eancia indicada pelo(a) candidato(a).<\/p>\n<p>Pessoas classificadas nas cotas \u00e9tnico-raciais e\/ou naquelas destinadas a candidatos(as) com defici\u00eancia (c\u00f3digos L2, L6, L9, L10, L13 e L14) precisam participar da\u00a0<strong>webconfer\u00eancia via Google Meet<\/strong>, que ser\u00e1 realizada no\u00a0<strong>dia 08 de mar\u00e7o<\/strong>. O cronograma com hor\u00e1rio da webconfer\u00eancia ser\u00e1 publicado no\u00a0<strong>dia 07 de mar\u00e7o<\/strong>\u00a0junto ao edital em\u00a0<a href=\"https:\/\/www.ufsm.br\/pro-reitorias\/prograd\/sisu\/editais\/019-2023\" target=\"_blank\" rel=\"noopener\"><strong>ufsm.br\/sisu<\/strong><\/a>. As orienta\u00e7\u00f5es de acesso ser\u00e3o enviadas ao e-mail de cada candidato(a).<\/p>\n<p>\u00a0<\/p>\n<h2>Cronograma<\/h2>\n<table>\n<tbody>\n<tr>\n<td>Procedimento<\/td>\n<td>Prazo<\/td>\n<td>Local<\/td>\n<\/tr>\n<tr>\n<td>Inscri\u00e7\u00e3o<\/td>\n<td>16 a 24 de fevereiro<\/td>\n<td><a href=\"http:\/\/sisu.mec.gov.br\/\" target=\"_blank\" rel=\"noopener\">http:\/\/sisu.mec.gov.br<\/a><\/td>\n<\/tr>\n<tr>\n<td>Listagem de pessoas classificadas na Chamada Regular SiSU\/UFSM Primeira Edi\u00e7\u00e3o de 2023<\/td>\n<td>28 de fevereiro, ap\u00f3s a disponibiliza\u00e7\u00e3o da lista pelo SiSU\/MEC e o seu processamento pelo Centro de Processamento de Dados, CPD\/UFSM<\/td>\n<td>\n<p>\u00a0<a href=\"https:\/\/acessounico.mec.gov.br\/sisu\" target=\"_blank\" rel=\"noopener\">acessounico.mec.gov.br\/sisu<\/a>\u00a0e<\/p>\n<p>\u00a0<a href=\"https:\/\/www.ufsm.br\/pro-reitorias\/prograd\/sisu\/editais\/019-2023\">http:\/\/www.ufsm.br\/sisu<\/a><\/p>\n<\/td>\n<\/tr>\n<tr>\n<td>Confirma\u00e7\u00e3o de Vaga<\/td>\n<td>02 a 06 de mar\u00e7o<\/td>\n<td><a href=\"https:\/\/portal.ufsm.br\/confirmacao\/loginCandidato.html\" target=\"_blank\" rel=\"noopener\">Portal da Confirma\u00e7\u00e3o de Vaga<\/a><\/td>\n<\/tr>\n<tr>\n<td>Publica\u00e7\u00e3o do Cronograma das Webconfer\u00eancias Obrigat\u00f3rias para pessoas classificadas PPI e PCD<\/td>\n<td>07 de mar\u00e7o<\/td>\n<td><a href=\"https:\/\/www.ufsm.br\/pro-reitorias\/prograd\/sisu\/editais\/019-2023\">Junto ao edital em ufsm.br\/sisu<\/a><br \/>Envio do link da webconfer\u00eancia obrigat\u00f3ria para o e-mail pessoal<\/td>\n<\/tr>\n<tr>\n<td>Data das Webconfer\u00eancias \u2013 para pessoas classificadas PPI e PCD<\/td>\n<td>08 de mar\u00e7o<\/td>\n<td>Plataforma Google Meet\u00a9, com link enviado ao e-mail pessoal<\/td>\n<\/tr>\n<tr>\n<td>Manifestar interesse em participar da Lista de Espera<\/td>\n<td>28 de fevereiro a 08 de mar\u00e7o<\/td>\n<td><a href=\"http:\/\/sisu.mec.gov.br\/\" target=\"_blank\" rel=\"noopener\">http:\/\/sisu.mec.gov.br<\/a><\/td>\n<\/tr>\n<\/tbody>\n<\/table>\n<h2>\u00a0<\/h2>\n<h2>Lista de Espera<\/h2>\n<p>Pessoas n\u00e3o classificadas para a Chamada Regular podem manifestar interesse em participar da Lista de Espera\u00a0<strong>de 28 de fevereiro a 08 de mar\u00e7o<\/strong>\u00a0atrav\u00e9s do site do INEP\/MEC\u00a0<a href=\"https:\/\/acessounico.mec.gov.br\/\" target=\"_blank\" rel=\"noopener\"><strong>https:\/\/acessounico.mec.gov.br\/<\/strong><\/a>.<br \/>Ap\u00f3s a finaliza\u00e7\u00e3o da an\u00e1lise de documentos da Chamara Regular, a UFSM publicar\u00e1 o\u00a0Edital da Primeira Chamada Oral On-line da Lista de Espera, em\u00a0<a href=\"https:\/\/ufsm.br\/sisu\"><strong>ufsm.br\/sisu<\/strong><\/a>, contendo:<\/p>\n<ul>\n<li>a Lista de pessoas que manifestaram interesse;<\/li>\n<li>o Quadro de Vagas, organizado por curso e cota;<\/li>\n<li>as orienta\u00e7\u00f5es para realiza\u00e7\u00e3o da Habilita\u00e7\u00e3o e procedimentos para Confirma\u00e7\u00e3o de Vaga<\/li>\n<\/ul>\n<p>Cabe aos(\u00e0s) candidatos(as) acompanhar periodicamente a publica\u00e7\u00e3o de not\u00edcias, editais, retifica\u00e7\u00f5es, homologa\u00e7\u00f5es e convoca\u00e7\u00f5es no site\u00a0<a href=\"https:\/\/ufsm.br\/sisu\"><strong>ufsm.br\/sisu<\/strong><\/a>.<\/p>\n<p><br \/>Outras informa\u00e7\u00f5es s\u00e3o obtidas pelo email\u00a0<a class=\"notranslate\" href=\"mailto:copa.sisu@ufsm.br\"><strong>copa.sisu@ufsm.br<\/strong><\/a>, pelo telefone\u00a0(55) 3220-8187\u00a0e na p\u00e1gina\u00a0<a href=\"https:\/\/www.facebook.com\/confirmacaodevagaUFSM\/\" target=\"_blank\" rel=\"noopener\"><strong>Confirma\u00e7\u00e3o de Vaga-UFSM<\/strong><\/a>\u00a0no Facebook.<\/p>\n","protected":false},"excerpt":{"rendered":"<p>No dia de hoje (28 de fevereiro) foi divulgada a\u00a0Lista dos Classificados da Chamada Regular do SiSU no site \u00a0acessounico.mec.gov.br\/sisu. As pessoas classificadas precisar\u00e3o enviar,\u00a0de 02 a 06 de mar\u00e7o, os documentos solicitados pelo edital da UFSM para a confirma\u00e7\u00e3o de vaga. A confirma\u00e7\u00e3o de vaga \u00e9 realizada por meio do envio da documenta\u00e7\u00e3o digitalizada [&hellip;]<\/p>\n","protected":false},"author":4522,"featured_media":0,"comment_status":"closed","ping_status":"closed","sticky":false,"template":"","format":"standard","meta":{"footnotes":""},"categories":[1],"tags":[],"class_list":["post-4277","post","type-post","status-publish","format-standard","hentry","category-noticias"],"acf":[],"_links":{"self":[{"href":"https:\/\/www.ufsm.br\/unidades-universitarias\/cachoeira-do-sul\/wp-json\/wp\/v2\/posts\/4277","targetHints":{"allow":["GET"]}}],"collection":[{"href":"https:\/\/www.ufsm.br\/unidades-universitarias\/cachoeira-do-sul\/wp-json\/wp\/v2\/posts"}],"about":[{"href":"https:\/\/www.ufsm.br\/unidades-universitarias\/cachoeira-do-sul\/wp-json\/wp\/v2\/types\/post"}],"author":[{"embeddable":true,"href":"https:\/\/www.ufsm.br\/unidades-universitarias\/cachoeira-do-sul\/wp-json\/wp\/v2\/users\/4522"}],"replies":[{"embeddable":true,"href":"https:\/\/www.ufsm.br\/unidades-universitarias\/cachoeira-do-sul\/wp-json\/wp\/v2\/comments?post=4277"}],"version-history":[{"count":0,"href":"https:\/\/www.ufsm.br\/unidades-universitarias\/cachoeira-do-sul\/wp-json\/wp\/v2\/posts\/4277\/revisions"}],"wp:attachment":[{"href":"https:\/\/www.ufsm.br\/unidades-universitarias\/cachoeira-do-sul\/wp-json\/wp\/v2\/media?parent=4277"}],"wp:term":[{"taxonomy":"category","embeddable":true,"href":"https:\/\/www.ufsm.br\/unidades-universitarias\/cachoeira-do-sul\/wp-json\/wp\/v2\/categories?post=4277"},{"taxonomy":"post_tag","embeddable":true,"href":"https:\/\/www.ufsm.br\/unidades-universitarias\/cachoeira-do-sul\/wp-json\/wp\/v2\/tags?post=4277"}],"curies":[{"name":"wp","href":"https:\/\/api.w.org\/{rel}","templated":true}]}}