{"id":4283,"date":"2023-03-02T10:15:17","date_gmt":"2023-03-02T13:15:17","guid":{"rendered":"https:\/\/www.ufsm.br\/unidades-universitarias\/cachoeira-do-sul\/?p=4283"},"modified":"2023-03-02T10:17:45","modified_gmt":"2023-03-02T13:17:45","slug":"semana-da-mulher-na-ufsm-tera-programacao-diversa","status":"publish","type":"post","link":"https:\/\/www.ufsm.br\/unidades-universitarias\/cachoeira-do-sul\/2023\/03\/02\/semana-da-mulher-na-ufsm-tera-programacao-diversa","title":{"rendered":"Semana da Mulher na UFSM ter\u00e1 programa\u00e7\u00e3o diversa"},"content":{"rendered":"\n<p><img fetchpriority=\"high\" decoding=\"async\" class=\"wp-image-4282 aligncenter\" src=\"https:\/\/www.ufsm.br\/app\/uploads\/sites\/376\/2023\/03\/Banner-Evento-Semana-da-Mulher-1024x382-1.jpg\" alt=\"\" width=\"800\" height=\"298\" srcset=\"https:\/\/www.ufsm.br\/app\/uploads\/sites\/376\/2023\/03\/Banner-Evento-Semana-da-Mulher-1024x382-1.jpg 1024w, https:\/\/www.ufsm.br\/app\/uploads\/sites\/376\/2023\/03\/Banner-Evento-Semana-da-Mulher-1024x382-1-300x112.jpg 300w, https:\/\/www.ufsm.br\/app\/uploads\/sites\/376\/2023\/03\/Banner-Evento-Semana-da-Mulher-1024x382-1-768x287.jpg 768w\" sizes=\"(max-width: 800px) 100vw, 800px\" \/><\/p>\n\n\n\n<p>Em refer\u00eancia ao dia internacional da mulher, 8 de mar\u00e7o, a UFSM organizou uma s\u00e9rie de a\u00e7\u00f5es com o objetivo de dialogar sobre a data, refletir sobre a presen\u00e7a das mulheres nos mais diferentes espa\u00e7os e chamar a aten\u00e7\u00e3o para a import\u00e2ncia da igualdade de g\u00eanero dentro e fora da Institui\u00e7\u00e3o.<\/p>\n<p>Est\u00e3o previstos bate-papos, exibi\u00e7\u00e3o e debate de filmes e oficinas variadas. Confira a programa\u00e7\u00e3o e como realizar as inscri\u00e7\u00f5es:<\/p>\n<p><b>06\/03 \u2013\u00a0<\/b><b>Oficina de no\u00e7\u00f5es b\u00e1sicas sobre el\u00e9trica residencial para mulheres<br \/><\/b>Ministrantes: J\u00falia Gracioli Firmiano e Danielle Ferrari dos Santos, estudantes do curso de Engenharia El\u00e9trica e integrantes do PET Engenharia El\u00e9trica<br \/>Hor\u00e1rio: 8h \u00e0s 12h<br \/>Local: Centro de Tecnologia \u2013 pr\u00e9dio NUPEDEE, sala 425 \u2013 PET Engenharia El\u00e9trica\u00a0<br \/>Vagas: 16 vagas (08 para estudantes e 08 para servidoras)<\/p>\n<p><b>07\/03 \u2013\u00a0<\/b><b>Oficina de no\u00e7\u00f5es b\u00e1sicas de mec\u00e2nica automotiva para mulheres<br \/><\/b>Ministrante: Natalia Diovana Zimmermann Feistel \u2013 acad\u00eamica do Curso de Engenharia Mec\u00e2nica<br \/>Hor\u00e1rio: Turma 1: 8h \u00e0s 10h \/ Turma 2: 10h \u00e0s 12h<b><br \/><\/b>Local: Pr\u00e9dio 9D, no Laborat\u00f3rio de Engenharia Mec\u00e2nica GPMOT (no final da rua do Ip\u00ea Amarelo)<br \/>Vagas: 15 vagas por turma (08 servidoras; 07 estudantes)<\/p>\n<p><b>07 e 09\/03 \u2013 Oficina de Muay Thai para iniciantes<br \/><\/b>Ministrante: J\u00falia Melazzo Mazzanti \u2013 Atleta, instrutora de Muay Thai, acad\u00eamica de fisioterapia UFSM<br \/>Quando: Turma 01: 07\/03\/2023; \u00e0s 08h \/\u00a0Turma 02: 09\/03\/2023 \u00e0s 8h<br \/>Local: Pr\u00e9dio CQVS\u00a0 \u2013 espa\u00e7o alternativo<br \/>Vagas 10 por turma (05 para servidoras; 05 para alunas)<\/p>\n<p><b>08\/03 \u2013\u00a0<\/b><b>Cine Debate: exibi\u00e7\u00e3o do filme Estrelas Al\u00e9m do Tempo<br \/><\/b>Convidadas: Paola Mello; Leonice Mourad; Jana Zappe<br \/>Hor\u00e1rio: 9h<br \/>Local: Sal\u00e3o Imembu\u00ed, 2\u00aa andar da Reitoria<\/p>\n<p><b>08\/03 \u2013\u00a0<\/b><b>Oficina de boxe para iniciantes<br \/><\/b>Ministrante: Marc\u00e9lli Os\u00f3rio Dall\u201dAsta \u2013\u00a0Servidora da 4\u00aa Coordenadoria Regional de Sa\u00fade, praticante de Boxe Ol\u00edmpico, monitora do projeto A\u00e7\u00e3o Boxe popular do clube 21 de Abril, conquistou o 3\u00ba Lugar no campeonato Estadual de Boxe no ano de 2022 na categoria peso pesado feminino.<br \/>Hor\u00e1rio: 10h<br \/>Local:\u00a0Pr\u00e9dio CQVS\u00a0 \u2013 espa\u00e7o alternativo<br \/>Vagas: 12 (06 servidoras; 06 estudantes)<\/p>\n<p><b>10\/03 \u2013\u00a0<\/b><b>Roda de conversa sobre a Pol\u00edtica de Igualdade de G\u00eanero da UFSM<br \/><\/b>Participantes: PROGEP; ASSUFSM e Casa Ver\u00f4nica<br \/>Hor\u00e1rio: 9h<br \/>Local: Sal\u00e3o Imembu\u00ed, 2\u00ba andar do pr\u00e9dio da Reitoria<br \/>Vagas: 140<\/p>\n<p>Todas as atividades requerem inscri\u00e7\u00e3o pr\u00e9via. Alunas devem realizar a inscri\u00e7\u00e3o atrav\u00e9s do<a href=\"https:\/\/docs.google.com\/forms\/d\/e\/1FAIpQLScPMgW3hkj4RNOd3qptXnih1gDXhx2DvF9JXZgF9N-gi-Wwuw\/viewform\">\u00a0formul\u00e1rio<\/a>\u00a0e servidoras pelo\u00a0<a href=\"https:\/\/portal.ufsm.br\/capacitacao\/inscricao\/formulario.html?idEdicao=1738\">Portal de Capacita\u00e7\u00e3o.<\/a><\/p>\n<p>A Semana da Mulher \u00e9 promovida pela\u00a0Pr\u00f3-Reitoria de Gest\u00e3o de Pessoas (PROGEP) em parceria com a Pr\u00f3-Reitoria de Extens\u00e3o (PRE), por interm\u00e9dio da Casa Ver\u00f4nica.<\/p>\n\n\n","protected":false},"excerpt":{"rendered":"<p>Em refer\u00eancia ao dia internacional da mulher, 8 de mar\u00e7o, a UFSM organizou uma s\u00e9rie de a\u00e7\u00f5es com o objetivo de dialogar sobre a data, refletir sobre a presen\u00e7a das mulheres nos mais diferentes espa\u00e7os e chamar a aten\u00e7\u00e3o para a import\u00e2ncia da igualdade de g\u00eanero dentro e fora da Institui\u00e7\u00e3o. Est\u00e3o previstos bate-papos, exibi\u00e7\u00e3o [&hellip;]<\/p>\n","protected":false},"author":4522,"featured_media":0,"comment_status":"closed","ping_status":"closed","sticky":false,"template":"","format":"standard","meta":{"footnotes":""},"categories":[1],"tags":[],"class_list":["post-4283","post","type-post","status-publish","format-standard","hentry","category-noticias"],"acf":[],"_links":{"self":[{"href":"https:\/\/www.ufsm.br\/unidades-universitarias\/cachoeira-do-sul\/wp-json\/wp\/v2\/posts\/4283","targetHints":{"allow":["GET"]}}],"collection":[{"href":"https:\/\/www.ufsm.br\/unidades-universitarias\/cachoeira-do-sul\/wp-json\/wp\/v2\/posts"}],"about":[{"href":"https:\/\/www.ufsm.br\/unidades-universitarias\/cachoeira-do-sul\/wp-json\/wp\/v2\/types\/post"}],"author":[{"embeddable":true,"href":"https:\/\/www.ufsm.br\/unidades-universitarias\/cachoeira-do-sul\/wp-json\/wp\/v2\/users\/4522"}],"replies":[{"embeddable":true,"href":"https:\/\/www.ufsm.br\/unidades-universitarias\/cachoeira-do-sul\/wp-json\/wp\/v2\/comments?post=4283"}],"version-history":[{"count":0,"href":"https:\/\/www.ufsm.br\/unidades-universitarias\/cachoeira-do-sul\/wp-json\/wp\/v2\/posts\/4283\/revisions"}],"wp:attachment":[{"href":"https:\/\/www.ufsm.br\/unidades-universitarias\/cachoeira-do-sul\/wp-json\/wp\/v2\/media?parent=4283"}],"wp:term":[{"taxonomy":"category","embeddable":true,"href":"https:\/\/www.ufsm.br\/unidades-universitarias\/cachoeira-do-sul\/wp-json\/wp\/v2\/categories?post=4283"},{"taxonomy":"post_tag","embeddable":true,"href":"https:\/\/www.ufsm.br\/unidades-universitarias\/cachoeira-do-sul\/wp-json\/wp\/v2\/tags?post=4283"}],"curies":[{"name":"wp","href":"https:\/\/api.w.org\/{rel}","templated":true}]}}