{"id":4292,"date":"2023-03-07T14:49:38","date_gmt":"2023-03-07T17:49:38","guid":{"rendered":"https:\/\/www.ufsm.br\/unidades-universitarias\/cachoeira-do-sul\/?p=4292"},"modified":"2023-03-07T14:49:39","modified_gmt":"2023-03-07T17:49:39","slug":"ufsm-cachoeira-do-sul-avanca-em-conquistas-no-acesso-e-estrutura-do-campus","status":"publish","type":"post","link":"https:\/\/www.ufsm.br\/unidades-universitarias\/cachoeira-do-sul\/2023\/03\/07\/ufsm-cachoeira-do-sul-avanca-em-conquistas-no-acesso-e-estrutura-do-campus","title":{"rendered":"UFSM Cachoeira do Sul avan\u00e7a em conquistas no acesso e estrutura do Campus"},"content":{"rendered":"\n<p><img fetchpriority=\"high\" decoding=\"async\" class=\"aligncenter wp-image-4291\" src=\"https:\/\/www.ufsm.br\/app\/uploads\/sites\/376\/2023\/03\/campus-ufsm.jpeg\" alt=\"\" width=\"540\" height=\"394\" srcset=\"https:\/\/www.ufsm.br\/app\/uploads\/sites\/376\/2023\/03\/campus-ufsm.jpeg 718w, https:\/\/www.ufsm.br\/app\/uploads\/sites\/376\/2023\/03\/campus-ufsm-300x219.jpeg 300w\" sizes=\"(max-width: 540px) 100vw, 540px\" \/><\/p>\n<p>Na tarde desta segunda-feira (06\/03) lideran\u00e7as locais e regionais se reuniram com o Diretor do Campus da UFSM em Cachoeira do Sul, Anderson Dal Molin, e equipe para reafirmar o apoio em defesa da consolida\u00e7\u00e3o do Campus da UFSM no munic\u00edpio.<br \/><br \/><\/p>\n","protected":false},"excerpt":{"rendered":"<p>Na tarde desta segunda-feira (06\/03) lideran\u00e7as locais e regionais se reuniram com o Diretor do Campus da UFSM em Cachoeira do Sul, Anderson Dal Molin, e equipe para reafirmar o apoio em defesa da consolida\u00e7\u00e3o do Campus da UFSM no munic\u00edpio.<\/p>\n","protected":false},"author":4522,"featured_media":0,"comment_status":"closed","ping_status":"closed","sticky":false,"template":"","format":"standard","meta":{"footnotes":""},"categories":[1],"tags":[],"class_list":["post-4292","post","type-post","status-publish","format-standard","hentry","category-noticias"],"acf":[],"_links":{"self":[{"href":"https:\/\/www.ufsm.br\/unidades-universitarias\/cachoeira-do-sul\/wp-json\/wp\/v2\/posts\/4292","targetHints":{"allow":["GET"]}}],"collection":[{"href":"https:\/\/www.ufsm.br\/unidades-universitarias\/cachoeira-do-sul\/wp-json\/wp\/v2\/posts"}],"about":[{"href":"https:\/\/www.ufsm.br\/unidades-universitarias\/cachoeira-do-sul\/wp-json\/wp\/v2\/types\/post"}],"author":[{"embeddable":true,"href":"https:\/\/www.ufsm.br\/unidades-universitarias\/cachoeira-do-sul\/wp-json\/wp\/v2\/users\/4522"}],"replies":[{"embeddable":true,"href":"https:\/\/www.ufsm.br\/unidades-universitarias\/cachoeira-do-sul\/wp-json\/wp\/v2\/comments?post=4292"}],"version-history":[{"count":0,"href":"https:\/\/www.ufsm.br\/unidades-universitarias\/cachoeira-do-sul\/wp-json\/wp\/v2\/posts\/4292\/revisions"}],"wp:attachment":[{"href":"https:\/\/www.ufsm.br\/unidades-universitarias\/cachoeira-do-sul\/wp-json\/wp\/v2\/media?parent=4292"}],"wp:term":[{"taxonomy":"category","embeddable":true,"href":"https:\/\/www.ufsm.br\/unidades-universitarias\/cachoeira-do-sul\/wp-json\/wp\/v2\/categories?post=4292"},{"taxonomy":"post_tag","embeddable":true,"href":"https:\/\/www.ufsm.br\/unidades-universitarias\/cachoeira-do-sul\/wp-json\/wp\/v2\/tags?post=4292"}],"curies":[{"name":"wp","href":"https:\/\/api.w.org\/{rel}","templated":true}]}}