{"id":4298,"date":"2023-03-10T09:57:28","date_gmt":"2023-03-10T12:57:28","guid":{"rendered":"https:\/\/www.ufsm.br\/unidades-universitarias\/cachoeira-do-sul\/?p=4298"},"modified":"2023-03-10T09:58:56","modified_gmt":"2023-03-10T12:58:56","slug":"chamada-oral-do-sisu-ufsm-campus-cachoeira-do-sul","status":"publish","type":"post","link":"https:\/\/www.ufsm.br\/unidades-universitarias\/cachoeira-do-sul\/2023\/03\/10\/chamada-oral-do-sisu-ufsm-campus-cachoeira-do-sul","title":{"rendered":"Chamada Oral do SISU UFSM Campus Cachoeira do Sul tem habilita\u00e7\u00e3o on-line a partir desta segunda (13\/02)"},"content":{"rendered":"\n<p><img fetchpriority=\"high\" decoding=\"async\" class=\"wp-image-4296 aligncenter\" src=\"https:\/\/www.ufsm.br\/app\/uploads\/sites\/376\/2023\/03\/SISU-1024x1024.jpeg\" alt=\"\" width=\"550\" height=\"550\" srcset=\"https:\/\/www.ufsm.br\/app\/uploads\/sites\/376\/2023\/03\/SISU-1024x1024.jpeg 1024w, https:\/\/www.ufsm.br\/app\/uploads\/sites\/376\/2023\/03\/SISU-300x300.jpeg 300w, https:\/\/www.ufsm.br\/app\/uploads\/sites\/376\/2023\/03\/SISU-150x150.jpeg 150w, https:\/\/www.ufsm.br\/app\/uploads\/sites\/376\/2023\/03\/SISU-768x768.jpeg 768w, https:\/\/www.ufsm.br\/app\/uploads\/sites\/376\/2023\/03\/SISU.jpeg 1080w\" sizes=\"(max-width: 550px) 100vw, 550px\" \/><\/p>\n\n\n\n<p>&nbsp;<\/p>\n<p>Aqueles que&nbsp; manifestaram interesse na Lista de Espera do SISU poder\u00e3o&nbsp;participar das Chamadas Orais \u2013 que \u00e9 a forma como a UFSM seleciona candidatos(as) para as vagas que n\u00e3o foram preenchidas durante a confirma\u00e7\u00e3o de vaga da Chamada Regular.<\/p>\n<p>Para se habilitar primeiramente o candidato deve inserir a documenta\u00e7\u00e3o solicitada pelo edital no <strong><a href=\"https:\/\/www.ufsm.br\/pro-reitorias\/prograd\/sisu\/passo-a-passo-para-acesso-e-inscricao-no-portal-de-confirmacao-de-vaga-e-habilitacao-para-a-chamada-oral\">Portal de Chamada Oral<\/a>&nbsp;<\/strong>at\u00e9 do dia 13 a 14 de mar\u00e7o at\u00e9 \u00e0s 23h e 59 minutos. O candidato acessa o <strong><a href=\"https:\/\/portal.ufsm.br\/confirmacao\/loginCandidato.html\">Portal<\/a><\/strong><strong><a href=\"https:\/\/portal.ufsm.br\/confirmacao\/loginCandidato.html\">&nbsp;de<\/a><\/strong><strong><a href=\"https:\/\/portal.ufsm.br\/confirmacao\/loginCandidato.html\">&nbsp;Confirma<\/a><\/strong><strong><a href=\"https:\/\/portal.ufsm.br\/confirmacao\/loginCandidato.html\">\u00e7\u00e3o<\/a><\/strong><strong><a href=\"https:\/\/portal.ufsm.br\/confirmacao\/loginCandidato.html\">&nbsp;de Vaga<\/a><\/strong>, completa suas informa\u00e7\u00f5es pessoais e insere a documenta\u00e7\u00e3o necess\u00e1ria, conforme cota escolhida no momento da inscri\u00e7\u00e3o. <strong><a href=\"https:\/\/www.ufsm.br\/pro-reitorias\/prograd\/sisu\/passo-a-passo-para-acesso-e-inscricao-no-portal-de-confirmacao-de-vaga-e-habilitacao-para-a-chamada-oral\">Clique aqui para acessar o passo a passo para inser\u00e7\u00e3o dos documentos<\/a><\/strong><\/p>\n<p>Para os candidatos inscritos nos cursos disponibilizados para o <strong>Campus de Cachoeira do Sul<\/strong> devem comparecer no local e datas abaixo especificados:<\/p>\n<p><strong>Local:<\/strong> Rodovia Taufik Germano, 3013 \u2013 Bairro Universit\u00e1rio &#8211; Campus de Cachoeira do Sul,\u2013 RS, em local identificado pelo CAMPUS na entrada do mesmo.<\/p>\n<p><strong>Data:<\/strong> 18 de mar\u00e7o de 2023 (turno tarde):<br>Arquitetura e Urbanismo 18\/03\/2023 14h30min \u00e0s15h30min<\/p>\n<p>Engenharia Agr\u00edcola 18\/03\/2023 14h30min \u00e0s15h30min<\/p>\n<p>Engenharia de Transportes e Log\u00edstica 18\/03\/2023 14h30min \u00e0s15h30min<\/p>\n<p>Engenharia El\u00e9trica 18\/03\/2023 14h30min \u00e0s15h30min<\/p>\n<p>Engenharia Mec\u00e2nica 18\/03\/2023 14h30min \u00e0s15h30min<\/p>\n<p>Para maiores informa\u00e7\u00f5es veja a mat\u00e9ria completa: <a href=\"https:\/\/www.ufsm.br\/pro-reitorias\/prograd\/sisu\/2023\/03\/09\/como-participar-da-chamada-oral-do-sisu-na-ufsm\">Como participar da Chamada Oral do SISU na UFSM? \u2013 SiSU<\/a><\/p>\n\n\n","protected":false},"excerpt":{"rendered":"<p>&nbsp; Aqueles que&nbsp; manifestaram interesse na Lista de Espera do SISU poder\u00e3o&nbsp;participar das Chamadas Orais \u2013 que \u00e9 a forma como a UFSM seleciona candidatos(as) para as vagas que n\u00e3o foram preenchidas durante a confirma\u00e7\u00e3o de vaga da Chamada Regular. Para se habilitar primeiramente o candidato deve inserir a documenta\u00e7\u00e3o solicitada pelo edital no Portal [&hellip;]<\/p>\n","protected":false},"author":4522,"featured_media":0,"comment_status":"closed","ping_status":"closed","sticky":false,"template":"","format":"standard","meta":{"footnotes":""},"categories":[1],"tags":[],"class_list":["post-4298","post","type-post","status-publish","format-standard","hentry","category-noticias"],"acf":[],"_links":{"self":[{"href":"https:\/\/www.ufsm.br\/unidades-universitarias\/cachoeira-do-sul\/wp-json\/wp\/v2\/posts\/4298","targetHints":{"allow":["GET"]}}],"collection":[{"href":"https:\/\/www.ufsm.br\/unidades-universitarias\/cachoeira-do-sul\/wp-json\/wp\/v2\/posts"}],"about":[{"href":"https:\/\/www.ufsm.br\/unidades-universitarias\/cachoeira-do-sul\/wp-json\/wp\/v2\/types\/post"}],"author":[{"embeddable":true,"href":"https:\/\/www.ufsm.br\/unidades-universitarias\/cachoeira-do-sul\/wp-json\/wp\/v2\/users\/4522"}],"replies":[{"embeddable":true,"href":"https:\/\/www.ufsm.br\/unidades-universitarias\/cachoeira-do-sul\/wp-json\/wp\/v2\/comments?post=4298"}],"version-history":[{"count":0,"href":"https:\/\/www.ufsm.br\/unidades-universitarias\/cachoeira-do-sul\/wp-json\/wp\/v2\/posts\/4298\/revisions"}],"wp:attachment":[{"href":"https:\/\/www.ufsm.br\/unidades-universitarias\/cachoeira-do-sul\/wp-json\/wp\/v2\/media?parent=4298"}],"wp:term":[{"taxonomy":"category","embeddable":true,"href":"https:\/\/www.ufsm.br\/unidades-universitarias\/cachoeira-do-sul\/wp-json\/wp\/v2\/categories?post=4298"},{"taxonomy":"post_tag","embeddable":true,"href":"https:\/\/www.ufsm.br\/unidades-universitarias\/cachoeira-do-sul\/wp-json\/wp\/v2\/tags?post=4298"}],"curies":[{"name":"wp","href":"https:\/\/api.w.org\/{rel}","templated":true}]}}