{"id":4302,"date":"2023-03-10T10:31:51","date_gmt":"2023-03-10T13:31:51","guid":{"rendered":"https:\/\/www.ufsm.br\/unidades-universitarias\/cachoeira-do-sul\/?p=4302"},"modified":"2023-03-10T10:33:25","modified_gmt":"2023-03-10T13:33:25","slug":"ufsm-cs-promove-projeto-de-conversacao-em-ingles-para-comunidade-academica","status":"publish","type":"post","link":"https:\/\/www.ufsm.br\/unidades-universitarias\/cachoeira-do-sul\/2023\/03\/10\/ufsm-cs-promove-projeto-de-conversacao-em-ingles-para-comunidade-academica","title":{"rendered":"UFSM-CS promove projeto de conversa\u00e7\u00e3o em ingl\u00eas para comunidade acad\u00eamica"},"content":{"rendered":"\n<p><img fetchpriority=\"high\" decoding=\"async\" class=\"size-full wp-image-4301 aligncenter\" src=\"https:\/\/www.ufsm.br\/app\/uploads\/sites\/376\/2023\/03\/projeto-1.jpeg\" alt=\"\" width=\"566\" height=\"566\" srcset=\"https:\/\/www.ufsm.br\/app\/uploads\/sites\/376\/2023\/03\/projeto-1.jpeg 566w, https:\/\/www.ufsm.br\/app\/uploads\/sites\/376\/2023\/03\/projeto-1-300x300.jpeg 300w, https:\/\/www.ufsm.br\/app\/uploads\/sites\/376\/2023\/03\/projeto-1-150x150.jpeg 150w\" sizes=\"(max-width: 566px) 100vw, 566px\" \/>O Campus da Universidade Federal de Santa Maria em Cachoeira do Sul (UFSM-CS) torna p\u00fablica sele\u00e7\u00e3o para participantes na 1\u00aa edi\u00e7\u00e3o do projeto de ensino \u201cThink-talk-tech: integra\u00e7\u00e3o acad\u00eamica atrav\u00e9s da conversa\u00e7\u00e3o em ingl\u00eas\u201d, com inscri\u00e7\u00f5es entre os dias 20 a 24 de mar\u00e7o de 2023. O projeto tem por objetivo a pr\u00e1tica da conversa\u00e7\u00e3o em ingl\u00eas entre discentes, docentes e t\u00e9cnicos administrativos lotados na Coordenadoria Acad\u00eamica Campus Cachoeira do Sul, da Universidade Federal do Rio Grande do Sul. \u00c9 desej\u00e1vel o conhecimento pr\u00e9vio do idioma, mas n\u00e3o \u00e9 necess\u00e1ria a flu\u00eancia. Durante os encontros ser\u00e3o exploradas situa\u00e7\u00f5es cotidianas da vida profissional e o debate sobre temas da atualidade. Os encontros do projeto ocorrer\u00e3o nas quartas-feiras, entre 15h30 e 17h30.<\/p>\n<ul>\n<li>A sele\u00e7\u00e3o ser\u00e1 destinada ao preenchimento de 15 (vagas) com prioridade para discentes, caso n\u00e3o sejam preenchidas as vagas de discentes, estas ser\u00e3o divididas igualmente entre docentes e TAES interessados.<\/li>\n<li>O tempo de participa\u00e7\u00e3o do projeto \u00e9 de 15 semanas, devendo atingir 75% de frequ\u00eancia para recebimento de certificado de participa\u00e7\u00e3o no projeto.<\/li>\n<li>As inscri\u00e7\u00f5es devem ser realizadas atrav\u00e9s do <a href=\"https:\/\/docs.google.com\/forms\/d\/e\/1FAIpQLSf76FFlAokyrPxKYubYiIjE6DwtpGRrWD61iLgKa0vgOBsegg\/viewform\">link<\/a><\/li>\n<li>Dever\u00e3o obrigatoriamente ser anexados ao formul\u00e1rio de inscri\u00e7\u00e3o o Hist\u00f3rico Escolar Simplificado e certificado de n\u00edvel na l\u00edngua inglesa, em formato pdf.<\/li>\n<\/ul>\n","protected":false},"excerpt":{"rendered":"<p>O Campus da Universidade Federal de Santa Maria em Cachoeira do Sul (UFSM-CS) torna p\u00fablica sele\u00e7\u00e3o para participantes na 1\u00aa edi\u00e7\u00e3o do projeto de ensino \u201cThink-talk-tech: integra\u00e7\u00e3o acad\u00eamica atrav\u00e9s da conversa\u00e7\u00e3o em ingl\u00eas\u201d, com inscri\u00e7\u00f5es entre os dias 20 a 24 de mar\u00e7o de 2023. O projeto tem por objetivo a pr\u00e1tica da conversa\u00e7\u00e3o em [&hellip;]<\/p>\n","protected":false},"author":4522,"featured_media":0,"comment_status":"closed","ping_status":"closed","sticky":false,"template":"","format":"standard","meta":{"footnotes":""},"categories":[1],"tags":[],"class_list":["post-4302","post","type-post","status-publish","format-standard","hentry","category-noticias"],"acf":[],"_links":{"self":[{"href":"https:\/\/www.ufsm.br\/unidades-universitarias\/cachoeira-do-sul\/wp-json\/wp\/v2\/posts\/4302","targetHints":{"allow":["GET"]}}],"collection":[{"href":"https:\/\/www.ufsm.br\/unidades-universitarias\/cachoeira-do-sul\/wp-json\/wp\/v2\/posts"}],"about":[{"href":"https:\/\/www.ufsm.br\/unidades-universitarias\/cachoeira-do-sul\/wp-json\/wp\/v2\/types\/post"}],"author":[{"embeddable":true,"href":"https:\/\/www.ufsm.br\/unidades-universitarias\/cachoeira-do-sul\/wp-json\/wp\/v2\/users\/4522"}],"replies":[{"embeddable":true,"href":"https:\/\/www.ufsm.br\/unidades-universitarias\/cachoeira-do-sul\/wp-json\/wp\/v2\/comments?post=4302"}],"version-history":[{"count":0,"href":"https:\/\/www.ufsm.br\/unidades-universitarias\/cachoeira-do-sul\/wp-json\/wp\/v2\/posts\/4302\/revisions"}],"wp:attachment":[{"href":"https:\/\/www.ufsm.br\/unidades-universitarias\/cachoeira-do-sul\/wp-json\/wp\/v2\/media?parent=4302"}],"wp:term":[{"taxonomy":"category","embeddable":true,"href":"https:\/\/www.ufsm.br\/unidades-universitarias\/cachoeira-do-sul\/wp-json\/wp\/v2\/categories?post=4302"},{"taxonomy":"post_tag","embeddable":true,"href":"https:\/\/www.ufsm.br\/unidades-universitarias\/cachoeira-do-sul\/wp-json\/wp\/v2\/tags?post=4302"}],"curies":[{"name":"wp","href":"https:\/\/api.w.org\/{rel}","templated":true}]}}