{"id":4309,"date":"2023-03-21T11:23:34","date_gmt":"2023-03-21T14:23:34","guid":{"rendered":"https:\/\/www.ufsm.br\/unidades-universitarias\/cachoeira-do-sul\/?p=4309"},"modified":"2023-03-21T11:23:36","modified_gmt":"2023-03-21T14:23:36","slug":"ufsm-cs-realiza-chamada-oral-e-recebe-novos-alunos","status":"publish","type":"post","link":"https:\/\/www.ufsm.br\/unidades-universitarias\/cachoeira-do-sul\/2023\/03\/21\/ufsm-cs-realiza-chamada-oral-e-recebe-novos-alunos","title":{"rendered":"UFSM-CS realiza chamada oral e recebe novos alunos"},"content":{"rendered":"\n<p><a href=\"https:\/\/www.ufsm.br\/app\/uploads\/sites\/376\/2023\/03\/WhatsApp-Image-2023-03-18-at-19.06.35.jpeg\"><img fetchpriority=\"high\" decoding=\"async\" class=\" wp-image-4312 alignleft\" src=\"https:\/\/www.ufsm.br\/app\/uploads\/sites\/376\/2023\/03\/WhatsApp-Image-2023-03-18-at-19.06.35-225x300.jpeg\" alt=\"\" width=\"263\" height=\"351\" srcset=\"https:\/\/www.ufsm.br\/app\/uploads\/sites\/376\/2023\/03\/WhatsApp-Image-2023-03-18-at-19.06.35-225x300.jpeg 225w, https:\/\/www.ufsm.br\/app\/uploads\/sites\/376\/2023\/03\/WhatsApp-Image-2023-03-18-at-19.06.35-768x1024.jpeg 768w, https:\/\/www.ufsm.br\/app\/uploads\/sites\/376\/2023\/03\/WhatsApp-Image-2023-03-18-at-19.06.35.jpeg 960w\" sizes=\"(max-width: 263px) 100vw, 263px\" \/><\/a>No \u00faltimo s\u00e1bado, dia 18, o campus da UFSM em Cachoeira do Sul esteve movimentando com a primeira chamada oral do SiSU 2023\/1.\u00a0<\/p>\n<p><a href=\"https:\/\/www.ufsm.br\/app\/uploads\/sites\/376\/2023\/03\/WhatsApp-Image-2023-03-18-at-19.05.44.jpeg\"><img decoding=\"async\" class=\" wp-image-4311 alignright\" src=\"https:\/\/www.ufsm.br\/app\/uploads\/sites\/376\/2023\/03\/WhatsApp-Image-2023-03-18-at-19.05.44-300x200.jpeg\" alt=\"\" width=\"391\" height=\"260\" srcset=\"https:\/\/www.ufsm.br\/app\/uploads\/sites\/376\/2023\/03\/WhatsApp-Image-2023-03-18-at-19.05.44-300x200.jpeg 300w, https:\/\/www.ufsm.br\/app\/uploads\/sites\/376\/2023\/03\/WhatsApp-Image-2023-03-18-at-19.05.44-1024x683.jpeg 1024w, https:\/\/www.ufsm.br\/app\/uploads\/sites\/376\/2023\/03\/WhatsApp-Image-2023-03-18-at-19.05.44-768x512.jpeg 768w, https:\/\/www.ufsm.br\/app\/uploads\/sites\/376\/2023\/03\/WhatsApp-Image-2023-03-18-at-19.05.44-272x182.jpeg 272w, https:\/\/www.ufsm.br\/app\/uploads\/sites\/376\/2023\/03\/WhatsApp-Image-2023-03-18-at-19.05.44.jpeg 1200w\" sizes=\"(max-width: 391px) 100vw, 391px\" \/><\/a>Mais de 50 pessoas constantes na lista de espera compareceram \u00e0 UFSM-CS para concorrer \u00e0s vagas oferecidas nos cinco cursos de gradua\u00e7\u00e3o do campus. Ap\u00f3s a confer\u00eancia dos sistemas e explica\u00e7\u00e3o do funcionamento do processo, o professor Jer\u00f4nimo Tybusch, pr\u00f3-reitor de Gradua\u00e7\u00e3o, agradeceu aos participantes e deu as boas-vindas. Ao todo, entre a chamada regular e a primeira chamada oral, mais de 100 vagas j\u00e1 foram preenchidas para este semestre na UFSM-CS. Para completar o restante das vagas, est\u00e1 prevista uma segunda chamada oral, cujo edital est\u00e1 previsto para ser divulgado amanh\u00e3 (22), no site do <a href=\"https:\/\/www.ufsm.br\/pro-reitorias\/prograd\/sisu\">SiSU UFSM<\/a>.<\/p>\n<p>A chamada oral \u00e9 uma estrat\u00e9gia utilizada pela UFSM para otimiza\u00e7\u00e3o do preenchimento das vagas que restaram da chamada regular. A lista de espera \u00e9 composta por pessoas que se inscreveram no SiSU e optaram por participar, mas que, pela pontua\u00e7\u00e3o obtida, n\u00e3o se classificaram para a primeira chamada do SiSU, a chamada regular.\u00a0<\/p>\n<p>\u00a0<\/p>\n<p><strong>Boas-vindas aos novos estudantes<\/strong><\/p>\n<p><a href=\"https:\/\/www.ufsm.br\/app\/uploads\/sites\/376\/2023\/03\/WhatsApp-Image-2023-03-20-at-14.30.45-1.jpeg\"><img decoding=\"async\" class=\"size-medium wp-image-4313 alignright\" src=\"https:\/\/www.ufsm.br\/app\/uploads\/sites\/376\/2023\/03\/WhatsApp-Image-2023-03-20-at-14.30.45-1-300x200.jpeg\" alt=\"\" width=\"300\" height=\"200\" srcset=\"https:\/\/www.ufsm.br\/app\/uploads\/sites\/376\/2023\/03\/WhatsApp-Image-2023-03-20-at-14.30.45-1-300x200.jpeg 300w, https:\/\/www.ufsm.br\/app\/uploads\/sites\/376\/2023\/03\/WhatsApp-Image-2023-03-20-at-14.30.45-1-1024x682.jpeg 1024w, https:\/\/www.ufsm.br\/app\/uploads\/sites\/376\/2023\/03\/WhatsApp-Image-2023-03-20-at-14.30.45-1-768x512.jpeg 768w, https:\/\/www.ufsm.br\/app\/uploads\/sites\/376\/2023\/03\/WhatsApp-Image-2023-03-20-at-14.30.45-1-272x182.jpeg 272w, https:\/\/www.ufsm.br\/app\/uploads\/sites\/376\/2023\/03\/WhatsApp-Image-2023-03-20-at-14.30.45-1.jpeg 1166w\" sizes=\"(max-width: 300px) 100vw, 300px\" \/><\/a>Neste semana, o campus da UFSM em Cachoeira do Sul est\u00e1 recebendo seus estudantes com uma programa\u00e7\u00e3o especial.\u00a0 Al\u00e9m das atividades espec\u00edficas dos cursos, o campus tamb\u00e9m organizou atividades gerais.<\/p>\n<p>Ontem (20), a Coordena\u00e7\u00e3o Acad\u00eamica do campus, em parceria com a Ulbra Cachoeira do Sul e a 8\u00aa Coordenadoria Regional de Sa\u00fade do RS, realizou uma tarde de cuidados com a sa\u00fade, com orienta\u00e7\u00f5es, testes de HGT ( diabetes) e aferi\u00e7\u00e3o de press\u00e3o arterial. J\u00e1 no final da tarde desta ter\u00e7a-feira (21), ser\u00e1 realizada uma recep\u00e7\u00e3o institucional aos calouros, com apresenta\u00e7\u00e3o de setores, boas-vindas da Reitoria e da Dire\u00e7\u00e3o e fala dos Diret\u00f3rios Acad\u00eamicos do campus. Ser\u00e1 no Sagu\u00e3o da Biblioteca Setorial.\u00a0<\/p>\n","protected":false},"excerpt":{"rendered":"<p>No \u00faltimo s\u00e1bado, dia 18, o campus da UFSM em Cachoeira do Sul esteve movimentando com a primeira chamada oral do SiSU 2023\/1.\u00a0 Mais de 50 pessoas constantes na lista de espera compareceram \u00e0 UFSM-CS para concorrer \u00e0s vagas oferecidas nos cinco cursos de gradua\u00e7\u00e3o do campus. Ap\u00f3s a confer\u00eancia dos sistemas e explica\u00e7\u00e3o do [&hellip;]<\/p>\n","protected":false},"author":293,"featured_media":4314,"comment_status":"closed","ping_status":"closed","sticky":false,"template":"","format":"standard","meta":{"footnotes":""},"categories":[21,1],"tags":[],"class_list":["post-4309","post","type-post","status-publish","format-standard","has-post-thumbnail","hentry","category-banner","category-noticias"],"acf":[],"_links":{"self":[{"href":"https:\/\/www.ufsm.br\/unidades-universitarias\/cachoeira-do-sul\/wp-json\/wp\/v2\/posts\/4309","targetHints":{"allow":["GET"]}}],"collection":[{"href":"https:\/\/www.ufsm.br\/unidades-universitarias\/cachoeira-do-sul\/wp-json\/wp\/v2\/posts"}],"about":[{"href":"https:\/\/www.ufsm.br\/unidades-universitarias\/cachoeira-do-sul\/wp-json\/wp\/v2\/types\/post"}],"author":[{"embeddable":true,"href":"https:\/\/www.ufsm.br\/unidades-universitarias\/cachoeira-do-sul\/wp-json\/wp\/v2\/users\/293"}],"replies":[{"embeddable":true,"href":"https:\/\/www.ufsm.br\/unidades-universitarias\/cachoeira-do-sul\/wp-json\/wp\/v2\/comments?post=4309"}],"version-history":[{"count":0,"href":"https:\/\/www.ufsm.br\/unidades-universitarias\/cachoeira-do-sul\/wp-json\/wp\/v2\/posts\/4309\/revisions"}],"wp:featuredmedia":[{"embeddable":true,"href":"https:\/\/www.ufsm.br\/unidades-universitarias\/cachoeira-do-sul\/wp-json\/wp\/v2\/media\/4314"}],"wp:attachment":[{"href":"https:\/\/www.ufsm.br\/unidades-universitarias\/cachoeira-do-sul\/wp-json\/wp\/v2\/media?parent=4309"}],"wp:term":[{"taxonomy":"category","embeddable":true,"href":"https:\/\/www.ufsm.br\/unidades-universitarias\/cachoeira-do-sul\/wp-json\/wp\/v2\/categories?post=4309"},{"taxonomy":"post_tag","embeddable":true,"href":"https:\/\/www.ufsm.br\/unidades-universitarias\/cachoeira-do-sul\/wp-json\/wp\/v2\/tags?post=4309"}],"curies":[{"name":"wp","href":"https:\/\/api.w.org\/{rel}","templated":true}]}}