{"id":4316,"date":"2023-03-22T09:28:07","date_gmt":"2023-03-22T12:28:07","guid":{"rendered":"https:\/\/www.ufsm.br\/unidades-universitarias\/cachoeira-do-sul\/?p=4316"},"modified":"2023-03-22T09:31:26","modified_gmt":"2023-03-22T12:31:26","slug":"ufsm-lanca-segunda-chamada-oral-sisu-2023-1","status":"publish","type":"post","link":"https:\/\/www.ufsm.br\/unidades-universitarias\/cachoeira-do-sul\/2023\/03\/22\/ufsm-lanca-segunda-chamada-oral-sisu-2023-1","title":{"rendered":"UFSM lan\u00e7a segunda chamada oral SiSU 2023\/1"},"content":{"rendered":"\n<p>A UFSM publicou o\u00a0<a href=\"https:\/\/www.ufsm.br\/pro-reitorias\/prograd\/sisu\/editais\/035-2023\" target=\"_blank\" rel=\"noopener\">edital da segunda chamada oral da lista de espera<\/a>, referente ao Sistema de Sele\u00e7\u00e3o Unificada (Sisu), para ingresso no primeiro semestre de 2023. Junto ao edital, foi divulgado tamb\u00e9m o quadro de vagas (que restaram da primeira chamada), assim como o list\u00e3o de pessoas convocadas. Os candidatos convocados devem realizar o processo de habilita\u00e7\u00e3o, por meio da inser\u00e7\u00e3o \u2013 no Portal de Confirma\u00e7\u00e3o de Vaga e Habilita\u00e7\u00e3o \u2013 dos documentos exigidos no edital. Caso a pessoa j\u00e1 tenha realizado a habilita\u00e7\u00e3o para a primeira chamada, n\u00e3o \u00e9 necess\u00e1rio faz\u00ea-la novamente, e o candidato segue concorrendo \u00e0s vagas. Para quem n\u00e3o a fez, o prazo \u00e9 at\u00e9 as 23h59min desta quarta-feira (22).<\/p>\n<p>Para o campus de Cachoeira do Sul restam<strong> 6 vagas para Arquitetura e Urbanismo; 21 vagas para Engenharia Agr\u00edcola; 28 vagas para Engenharia El\u00e9trica; 22 vagas para Engenharia Mec\u00e2nica; e 8 vagas para Engenharia de Transportes e Log\u00edstica. <\/strong>A segunda chamada oral, em Cachoeira do Sul, acontecer\u00e1 no s\u00e1bado, dia 25 de mar\u00e7o, no turno da tarde, no campus da UFSM-CS (Rodovia Taufik Germano, 3013 \u2013 Bairro Universit\u00e1rio II). Os candidatos devem entrar das 14h30min \u00e0s 15h30min.<\/p>\n<p>Para mais informa\u00e7\u00f5es, acesse a p\u00e1gina do edital <a href=\"https:\/\/www.ufsm.br\/pro-reitorias\/prograd\/sisu\/editais\/035-2023\">https:\/\/www.ufsm.br\/pro-reitorias\/prograd\/sisu\/editais\/035-2023<\/a><\/p>\n\n\n","protected":false},"excerpt":{"rendered":"<p>Candidatos t\u00eam at\u00e9 hoje (22) para inserir documentos no Portal de Confirma\u00e7\u00e3o de Vaga<\/p>\n","protected":false},"author":293,"featured_media":4317,"comment_status":"closed","ping_status":"closed","sticky":false,"template":"","format":"standard","meta":{"footnotes":""},"categories":[21,1],"tags":[],"class_list":["post-4316","post","type-post","status-publish","format-standard","has-post-thumbnail","hentry","category-banner","category-noticias"],"acf":[],"_links":{"self":[{"href":"https:\/\/www.ufsm.br\/unidades-universitarias\/cachoeira-do-sul\/wp-json\/wp\/v2\/posts\/4316","targetHints":{"allow":["GET"]}}],"collection":[{"href":"https:\/\/www.ufsm.br\/unidades-universitarias\/cachoeira-do-sul\/wp-json\/wp\/v2\/posts"}],"about":[{"href":"https:\/\/www.ufsm.br\/unidades-universitarias\/cachoeira-do-sul\/wp-json\/wp\/v2\/types\/post"}],"author":[{"embeddable":true,"href":"https:\/\/www.ufsm.br\/unidades-universitarias\/cachoeira-do-sul\/wp-json\/wp\/v2\/users\/293"}],"replies":[{"embeddable":true,"href":"https:\/\/www.ufsm.br\/unidades-universitarias\/cachoeira-do-sul\/wp-json\/wp\/v2\/comments?post=4316"}],"version-history":[{"count":0,"href":"https:\/\/www.ufsm.br\/unidades-universitarias\/cachoeira-do-sul\/wp-json\/wp\/v2\/posts\/4316\/revisions"}],"wp:featuredmedia":[{"embeddable":true,"href":"https:\/\/www.ufsm.br\/unidades-universitarias\/cachoeira-do-sul\/wp-json\/wp\/v2\/media\/4317"}],"wp:attachment":[{"href":"https:\/\/www.ufsm.br\/unidades-universitarias\/cachoeira-do-sul\/wp-json\/wp\/v2\/media?parent=4316"}],"wp:term":[{"taxonomy":"category","embeddable":true,"href":"https:\/\/www.ufsm.br\/unidades-universitarias\/cachoeira-do-sul\/wp-json\/wp\/v2\/categories?post=4316"},{"taxonomy":"post_tag","embeddable":true,"href":"https:\/\/www.ufsm.br\/unidades-universitarias\/cachoeira-do-sul\/wp-json\/wp\/v2\/tags?post=4316"}],"curies":[{"name":"wp","href":"https:\/\/api.w.org\/{rel}","templated":true}]}}