{"id":4319,"date":"2023-03-22T10:51:38","date_gmt":"2023-03-22T13:51:38","guid":{"rendered":"https:\/\/www.ufsm.br\/unidades-universitarias\/cachoeira-do-sul\/?p=4319"},"modified":"2023-03-22T10:51:40","modified_gmt":"2023-03-22T13:51:40","slug":"3o-batalhao-de-engenharia-de-combate-visita-campus-da-ufsm-cs","status":"publish","type":"post","link":"https:\/\/www.ufsm.br\/unidades-universitarias\/cachoeira-do-sul\/2023\/03\/22\/3o-batalhao-de-engenharia-de-combate-visita-campus-da-ufsm-cs","title":{"rendered":"3\u00ba Batalh\u00e3o de Engenharia de Combate visita campus da UFSM-CS"},"content":{"rendered":"\n<p>Na manh\u00e3 desta quarta-feira, representantes do 3\u00ba Batalh\u00e3o de Engenharia de Combate &#8211; Batalh\u00e3o Conrado Bittencourt estiveram em visita ao campus da UFSM em Cachoeira do Sul. O Comandante, Tenente Coronel de Engenharia Lu\u00eds Augusto Alves Leal Ferreira, e o Adjunto de Comando, Subtenente de Intend\u00eancia Guilherme Morais Garske, foram recebidos pelo diretor do campus da UFSM-CS, professor Anderson Dal Molin, e o vice-diretor, professor Giovani Zabot.\u00a0<\/p>\n<p>Durante a visita, a Dire\u00e7\u00e3o da UFSM-CS apresentou as instala\u00e7\u00f5es dos campus e colocou os espa\u00e7os \u00e0 disposi\u00e7\u00e3o do Batalh\u00e3o para realiza\u00e7\u00e3o de atividades de orienta\u00e7\u00e3o do Ex\u00e9rcito, entre outras.<\/p>\n<p><a href=\"https:\/\/www.ufsm.br\/app\/uploads\/sites\/376\/2023\/03\/3-BEC-na-UFSM-CS.jpeg\"><img fetchpriority=\"high\" decoding=\"async\" class=\"aligncenter  wp-image-4320\" src=\"https:\/\/www.ufsm.br\/app\/uploads\/sites\/376\/2023\/03\/3-BEC-na-UFSM-CS-300x225.jpeg\" alt=\"\" width=\"459\" height=\"344\" srcset=\"https:\/\/www.ufsm.br\/app\/uploads\/sites\/376\/2023\/03\/3-BEC-na-UFSM-CS-300x225.jpeg 300w, https:\/\/www.ufsm.br\/app\/uploads\/sites\/376\/2023\/03\/3-BEC-na-UFSM-CS-1024x768.jpeg 1024w, https:\/\/www.ufsm.br\/app\/uploads\/sites\/376\/2023\/03\/3-BEC-na-UFSM-CS-768x576.jpeg 768w, https:\/\/www.ufsm.br\/app\/uploads\/sites\/376\/2023\/03\/3-BEC-na-UFSM-CS-1536x1152.jpeg 1536w, https:\/\/www.ufsm.br\/app\/uploads\/sites\/376\/2023\/03\/3-BEC-na-UFSM-CS.jpeg 1600w\" sizes=\"(max-width: 459px) 100vw, 459px\" \/><\/a><\/p>\n","protected":false},"excerpt":{"rendered":"<p>Na manh\u00e3 desta quarta-feira, representantes do 3\u00ba Batalh\u00e3o de Engenharia de Combate &#8211; Batalh\u00e3o Conrado Bittencourt estiveram em visita ao campus da UFSM em Cachoeira do Sul. O Comandante, Tenente Coronel de Engenharia Lu\u00eds Augusto Alves Leal Ferreira, e o Adjunto de Comando, Subtenente de Intend\u00eancia Guilherme Morais Garske, foram recebidos pelo diretor do campus [&hellip;]<\/p>\n","protected":false},"author":293,"featured_media":0,"comment_status":"closed","ping_status":"closed","sticky":false,"template":"","format":"standard","meta":{"footnotes":""},"categories":[1],"tags":[],"class_list":["post-4319","post","type-post","status-publish","format-standard","hentry","category-noticias"],"acf":[],"_links":{"self":[{"href":"https:\/\/www.ufsm.br\/unidades-universitarias\/cachoeira-do-sul\/wp-json\/wp\/v2\/posts\/4319","targetHints":{"allow":["GET"]}}],"collection":[{"href":"https:\/\/www.ufsm.br\/unidades-universitarias\/cachoeira-do-sul\/wp-json\/wp\/v2\/posts"}],"about":[{"href":"https:\/\/www.ufsm.br\/unidades-universitarias\/cachoeira-do-sul\/wp-json\/wp\/v2\/types\/post"}],"author":[{"embeddable":true,"href":"https:\/\/www.ufsm.br\/unidades-universitarias\/cachoeira-do-sul\/wp-json\/wp\/v2\/users\/293"}],"replies":[{"embeddable":true,"href":"https:\/\/www.ufsm.br\/unidades-universitarias\/cachoeira-do-sul\/wp-json\/wp\/v2\/comments?post=4319"}],"version-history":[{"count":0,"href":"https:\/\/www.ufsm.br\/unidades-universitarias\/cachoeira-do-sul\/wp-json\/wp\/v2\/posts\/4319\/revisions"}],"wp:attachment":[{"href":"https:\/\/www.ufsm.br\/unidades-universitarias\/cachoeira-do-sul\/wp-json\/wp\/v2\/media?parent=4319"}],"wp:term":[{"taxonomy":"category","embeddable":true,"href":"https:\/\/www.ufsm.br\/unidades-universitarias\/cachoeira-do-sul\/wp-json\/wp\/v2\/categories?post=4319"},{"taxonomy":"post_tag","embeddable":true,"href":"https:\/\/www.ufsm.br\/unidades-universitarias\/cachoeira-do-sul\/wp-json\/wp\/v2\/tags?post=4319"}],"curies":[{"name":"wp","href":"https:\/\/api.w.org\/{rel}","templated":true}]}}