{"id":4327,"date":"2023-03-24T11:20:55","date_gmt":"2023-03-24T14:20:55","guid":{"rendered":"https:\/\/www.ufsm.br\/unidades-universitarias\/cachoeira-do-sul\/?p=4327"},"modified":"2023-03-24T11:20:57","modified_gmt":"2023-03-24T14:20:57","slug":"diretor-regional-da-uergs-visita-o-campus-da-ufsm-cs","status":"publish","type":"post","link":"https:\/\/www.ufsm.br\/unidades-universitarias\/cachoeira-do-sul\/2023\/03\/24\/diretor-regional-da-uergs-visita-o-campus-da-ufsm-cs","title":{"rendered":"Diretor Regional da UERGS visita o campus da UFSM-CS"},"content":{"rendered":"\n<p><a href=\"https:\/\/www.ufsm.br\/app\/uploads\/sites\/376\/2023\/03\/Visita-direto-UERGS.jpeg\"><img fetchpriority=\"high\" decoding=\"async\" class=\"size-medium wp-image-4328 alignright\" src=\"https:\/\/www.ufsm.br\/app\/uploads\/sites\/376\/2023\/03\/Visita-direto-UERGS-225x300.jpeg\" alt=\"\" width=\"225\" height=\"300\" srcset=\"https:\/\/www.ufsm.br\/app\/uploads\/sites\/376\/2023\/03\/Visita-direto-UERGS-225x300.jpeg 225w, https:\/\/www.ufsm.br\/app\/uploads\/sites\/376\/2023\/03\/Visita-direto-UERGS-768x1024.jpeg 768w, https:\/\/www.ufsm.br\/app\/uploads\/sites\/376\/2023\/03\/Visita-direto-UERGS.jpeg 772w\" sizes=\"(max-width: 225px) 100vw, 225px\" \/><\/a>O novo diretor regional da UERGS, professor Jos\u00e9 Ant\u00f4nio Kroeff Schmitz, visitou, na manh\u00e3 desta sexta-feira (24), o campus da UFSM em Cachoeira do Sul. Recepcionado pelo diretor da UFSM-CS, professor Anderson Dal Molin, e pelo vice-diretor, professor Giovani Zabot, o\u00a0professor Jos\u00e9 Ant\u00f4nio, que assumiu a Dire\u00e7\u00e3o da Regi\u00e3o 5 da UERGS no in\u00edcio do ano, conheceu as instala\u00e7\u00f5es do campus e conversar com os diretores do campus da UFSM-CS sobre as parcerias j\u00e1 existentes entre as duas institui\u00e7\u00f5es.<\/p>\n<p>\u00a0<\/p>\n","protected":false},"excerpt":{"rendered":"<p>O novo diretor regional da UERGS, professor Jos\u00e9 Ant\u00f4nio Kroeff Schmitz, visitou, na manh\u00e3 desta sexta-feira (24), o campus da UFSM em Cachoeira do Sul. Recepcionado pelo diretor da UFSM-CS, professor Anderson Dal Molin, e pelo vice-diretor, professor Giovani Zabot, o\u00a0professor Jos\u00e9 Ant\u00f4nio, que assumiu a Dire\u00e7\u00e3o da Regi\u00e3o 5 da UERGS no in\u00edcio do [&hellip;]<\/p>\n","protected":false},"author":293,"featured_media":0,"comment_status":"closed","ping_status":"closed","sticky":false,"template":"","format":"standard","meta":{"footnotes":""},"categories":[1],"tags":[],"class_list":["post-4327","post","type-post","status-publish","format-standard","hentry","category-noticias"],"acf":[],"_links":{"self":[{"href":"https:\/\/www.ufsm.br\/unidades-universitarias\/cachoeira-do-sul\/wp-json\/wp\/v2\/posts\/4327","targetHints":{"allow":["GET"]}}],"collection":[{"href":"https:\/\/www.ufsm.br\/unidades-universitarias\/cachoeira-do-sul\/wp-json\/wp\/v2\/posts"}],"about":[{"href":"https:\/\/www.ufsm.br\/unidades-universitarias\/cachoeira-do-sul\/wp-json\/wp\/v2\/types\/post"}],"author":[{"embeddable":true,"href":"https:\/\/www.ufsm.br\/unidades-universitarias\/cachoeira-do-sul\/wp-json\/wp\/v2\/users\/293"}],"replies":[{"embeddable":true,"href":"https:\/\/www.ufsm.br\/unidades-universitarias\/cachoeira-do-sul\/wp-json\/wp\/v2\/comments?post=4327"}],"version-history":[{"count":0,"href":"https:\/\/www.ufsm.br\/unidades-universitarias\/cachoeira-do-sul\/wp-json\/wp\/v2\/posts\/4327\/revisions"}],"wp:attachment":[{"href":"https:\/\/www.ufsm.br\/unidades-universitarias\/cachoeira-do-sul\/wp-json\/wp\/v2\/media?parent=4327"}],"wp:term":[{"taxonomy":"category","embeddable":true,"href":"https:\/\/www.ufsm.br\/unidades-universitarias\/cachoeira-do-sul\/wp-json\/wp\/v2\/categories?post=4327"},{"taxonomy":"post_tag","embeddable":true,"href":"https:\/\/www.ufsm.br\/unidades-universitarias\/cachoeira-do-sul\/wp-json\/wp\/v2\/tags?post=4327"}],"curies":[{"name":"wp","href":"https:\/\/api.w.org\/{rel}","templated":true}]}}