{"id":4330,"date":"2023-03-29T11:53:51","date_gmt":"2023-03-29T14:53:51","guid":{"rendered":"https:\/\/www.ufsm.br\/unidades-universitarias\/cachoeira-do-sul\/?p=4330"},"modified":"2023-03-29T12:14:24","modified_gmt":"2023-03-29T15:14:24","slug":"segunda-edicao-do-viva-o-campus-em-cachoeira-do-sul-sera-neste-domingo","status":"publish","type":"post","link":"https:\/\/www.ufsm.br\/unidades-universitarias\/cachoeira-do-sul\/2023\/03\/29\/segunda-edicao-do-viva-o-campus-em-cachoeira-do-sul-sera-neste-domingo","title":{"rendered":"Segunda edi\u00e7\u00e3o do Viva o Campus em Cachoeira do Sul ser\u00e1 neste domingo"},"content":{"rendered":"\n\n\n<p><a href=\"https:\/\/www.ufsm.br\/app\/uploads\/sites\/376\/2023\/03\/VIVA-O-CAMPUS-2023.1-1.jpg\"><img fetchpriority=\"high\" decoding=\"async\" class=\"size-medium wp-image-4332 alignright\" src=\"https:\/\/www.ufsm.br\/app\/uploads\/sites\/376\/2023\/03\/VIVA-O-CAMPUS-2023.1-1-300x300.jpg\" alt=\"\" width=\"300\" height=\"300\" srcset=\"https:\/\/www.ufsm.br\/app\/uploads\/sites\/376\/2023\/03\/VIVA-O-CAMPUS-2023.1-1-300x300.jpg 300w, https:\/\/www.ufsm.br\/app\/uploads\/sites\/376\/2023\/03\/VIVA-O-CAMPUS-2023.1-1-1024x1024.jpg 1024w, https:\/\/www.ufsm.br\/app\/uploads\/sites\/376\/2023\/03\/VIVA-O-CAMPUS-2023.1-1-150x150.jpg 150w, https:\/\/www.ufsm.br\/app\/uploads\/sites\/376\/2023\/03\/VIVA-O-CAMPUS-2023.1-1-768x768.jpg 768w, https:\/\/www.ufsm.br\/app\/uploads\/sites\/376\/2023\/03\/VIVA-O-CAMPUS-2023.1-1.jpg 1080w\" sizes=\"(max-width: 300px) 100vw, 300px\" \/><\/a>Neste pr\u00f3ximo domingo, dia 02 de abril, das 15h \u00e0s 19h, acontece a segunda edi\u00e7\u00e3o do Viva o Campus em Cachoeira do Sul. O evento, que j\u00e1 \u00e9 tradicional no campus de Santa Maria, busca tornar a UFSM-CS em um espa\u00e7o de lazer para toda a comunidade cachoeirense.<\/p>\n<p>Assim como a primeira edi\u00e7\u00e3o, que aconteceu em novembro de 2022, esta edi\u00e7\u00e3o tamb\u00e9m contar\u00e1 com uma programa\u00e7\u00e3o bem variada. O Mercado de Pulgas, al\u00e9m de outros expositores locais, estar\u00e1 novamente no Viva o Campus. A anima\u00e7\u00e3o musical ser\u00e1 a cargo do TFB da r\u00e1dio Fan FM. J\u00e1 a Cafeteria Polo da Prosa, que fica nas instala\u00e7\u00f5es do campus, estar\u00e1 aberta no dia do evento, servindo um card\u00e1pio variado para os visitantes. O SENAC participar\u00e1 desta edi\u00e7\u00e3o com divulga\u00e7\u00e3o de atividades e entrega de brindes. No hall da Biblioteca tamb\u00e9m estar\u00e1 acontecendo uma Mostra de Trabalhos do curso de Arquitetura e Urbanismo.<\/p>\n<p>A ideia principal do evento \u00e9 abrir as portas do campus para a comunidade, para que todos possam conhecer e usufruir de nossa estrutura tamb\u00e9m como \u00e1rea de lazer, na qual fam\u00edlias e amigos possam tomar um chimarr\u00e3o, brincar com as crian\u00e7as, praticar esportes e aproveitar momentos de descontra\u00e7\u00e3o ao ar livre.<\/p>\n","protected":false},"excerpt":{"rendered":"<p>Evento acontece das 15h \u00e0s 19h, no campus da UFSM em Cachoeira do Sul<\/p>\n","protected":false},"author":293,"featured_media":4331,"comment_status":"closed","ping_status":"closed","sticky":false,"template":"","format":"standard","meta":{"footnotes":""},"categories":[21,1],"tags":[],"class_list":["post-4330","post","type-post","status-publish","format-standard","has-post-thumbnail","hentry","category-banner","category-noticias"],"acf":[],"_links":{"self":[{"href":"https:\/\/www.ufsm.br\/unidades-universitarias\/cachoeira-do-sul\/wp-json\/wp\/v2\/posts\/4330","targetHints":{"allow":["GET"]}}],"collection":[{"href":"https:\/\/www.ufsm.br\/unidades-universitarias\/cachoeira-do-sul\/wp-json\/wp\/v2\/posts"}],"about":[{"href":"https:\/\/www.ufsm.br\/unidades-universitarias\/cachoeira-do-sul\/wp-json\/wp\/v2\/types\/post"}],"author":[{"embeddable":true,"href":"https:\/\/www.ufsm.br\/unidades-universitarias\/cachoeira-do-sul\/wp-json\/wp\/v2\/users\/293"}],"replies":[{"embeddable":true,"href":"https:\/\/www.ufsm.br\/unidades-universitarias\/cachoeira-do-sul\/wp-json\/wp\/v2\/comments?post=4330"}],"version-history":[{"count":0,"href":"https:\/\/www.ufsm.br\/unidades-universitarias\/cachoeira-do-sul\/wp-json\/wp\/v2\/posts\/4330\/revisions"}],"wp:featuredmedia":[{"embeddable":true,"href":"https:\/\/www.ufsm.br\/unidades-universitarias\/cachoeira-do-sul\/wp-json\/wp\/v2\/media\/4331"}],"wp:attachment":[{"href":"https:\/\/www.ufsm.br\/unidades-universitarias\/cachoeira-do-sul\/wp-json\/wp\/v2\/media?parent=4330"}],"wp:term":[{"taxonomy":"category","embeddable":true,"href":"https:\/\/www.ufsm.br\/unidades-universitarias\/cachoeira-do-sul\/wp-json\/wp\/v2\/categories?post=4330"},{"taxonomy":"post_tag","embeddable":true,"href":"https:\/\/www.ufsm.br\/unidades-universitarias\/cachoeira-do-sul\/wp-json\/wp\/v2\/tags?post=4330"}],"curies":[{"name":"wp","href":"https:\/\/api.w.org\/{rel}","templated":true}]}}