{"id":4336,"date":"2023-03-30T12:11:28","date_gmt":"2023-03-30T15:11:28","guid":{"rendered":"https:\/\/www.ufsm.br\/unidades-universitarias\/cachoeira-do-sul\/?p=4336"},"modified":"2023-03-31T12:15:51","modified_gmt":"2023-03-31T15:15:51","slug":"alunos-da-ufsm-cs-comecam-a-morar-na-casa-do-estudante","status":"publish","type":"post","link":"https:\/\/www.ufsm.br\/unidades-universitarias\/cachoeira-do-sul\/2023\/03\/30\/alunos-da-ufsm-cs-comecam-a-morar-na-casa-do-estudante","title":{"rendered":"Alunos da UFSM-CS come\u00e7am a morar na Casa do Estudante"},"content":{"rendered":"\n\n\n<p><a href=\"https:\/\/www.ufsm.br\/app\/uploads\/sites\/376\/2023\/03\/20230329_091045-corte.jpg\"><img fetchpriority=\"high\" decoding=\"async\" class=\"size-medium wp-image-4338 alignright\" src=\"https:\/\/www.ufsm.br\/app\/uploads\/sites\/376\/2023\/03\/20230329_091045-corte-300x225.jpg\" alt=\"\" width=\"300\" height=\"225\" srcset=\"https:\/\/www.ufsm.br\/app\/uploads\/sites\/376\/2023\/03\/20230329_091045-corte-300x225.jpg 300w, https:\/\/www.ufsm.br\/app\/uploads\/sites\/376\/2023\/03\/20230329_091045-corte-1024x768.jpg 1024w, https:\/\/www.ufsm.br\/app\/uploads\/sites\/376\/2023\/03\/20230329_091045-corte-768x576.jpg 768w, https:\/\/www.ufsm.br\/app\/uploads\/sites\/376\/2023\/03\/20230329_091045-corte-1536x1152.jpg 1536w, https:\/\/www.ufsm.br\/app\/uploads\/sites\/376\/2023\/03\/20230329_091045-corte.jpg 1920w\" sizes=\"(max-width: 300px) 100vw, 300px\" \/><\/a>Na manh\u00e3 de ontem, dia 29 de mar\u00e7o, foi realizada a entrega oficial das chaves para ocupa\u00e7\u00e3o da Casa do Estudante do campus da UFSM em Cachoeira do Sul. Estiveram presentes no evento a vice-prefeita \u00c2ngela Schuh; a secret\u00e1ria de Ind\u00fastria e Com\u00e9rcio, Vanessa Csaszar; a vereadora Adriana Palladino, representando o legislativo municipal; al\u00e9m da ex-vice-prefeita municipal Mariana Carlos. Tamb\u00e9m participaram da cerim\u00f4nia, a pr\u00f3-reitora de Assuntos Estudantis, profa. Gisele Martins Guimar\u00e3es; o coordenador geral do DCE, Daniel Ballin; o diretor do campus de Cachoeira do Sul, prof. Anderson Dal Molin; o vice-diretor, prof. Giovani Zabot; a Assistente Social, Mari Bortoli, servidores e alunos do campus da UFSM-CS.<\/p>\n<p><a href=\"https:\/\/www.ufsm.br\/app\/uploads\/sites\/376\/2023\/03\/20230329_090833.jpg\"><img decoding=\"async\" class=\"size-medium wp-image-4337 alignleft\" src=\"https:\/\/www.ufsm.br\/app\/uploads\/sites\/376\/2023\/03\/20230329_090833-300x169.jpg\" alt=\"\" width=\"300\" height=\"169\" srcset=\"https:\/\/www.ufsm.br\/app\/uploads\/sites\/376\/2023\/03\/20230329_090833-300x169.jpg 300w, https:\/\/www.ufsm.br\/app\/uploads\/sites\/376\/2023\/03\/20230329_090833-1024x576.jpg 1024w, https:\/\/www.ufsm.br\/app\/uploads\/sites\/376\/2023\/03\/20230329_090833-768x432.jpg 768w, https:\/\/www.ufsm.br\/app\/uploads\/sites\/376\/2023\/03\/20230329_090833-1536x864.jpg 1536w, https:\/\/www.ufsm.br\/app\/uploads\/sites\/376\/2023\/03\/20230329_090833.jpg 1920w\" sizes=\"(max-width: 300px) 100vw, 300px\" \/><\/a>A ocupa\u00e7\u00e3o da Casa do Estudante (CEU VI) \u00e9 um marco muito importante para o campus da UFSM em Cachoeira do Sul. O pr\u00e9dio conta com 15 apartamentos, que ir\u00e3o, inicialmente, abrigar quatro estudantes, totalizando 60 vagas. Caso seja necess\u00e1rio, os apartamentos poder\u00e3o comportar at\u00e9 8 estudantes em cada unidade. Os apartamentos contam com um espa\u00e7o de sala e cozinha integrados, dois dormit\u00f3rios e um banheiro.<\/p>\n<p><a href=\"https:\/\/www.ufsm.br\/app\/uploads\/sites\/376\/2023\/03\/20230329_093241.jpg\"><img decoding=\"async\" class=\"size-medium wp-image-4339 alignright\" src=\"https:\/\/www.ufsm.br\/app\/uploads\/sites\/376\/2023\/03\/20230329_093241-300x169.jpg\" alt=\"\" width=\"300\" height=\"169\" srcset=\"https:\/\/www.ufsm.br\/app\/uploads\/sites\/376\/2023\/03\/20230329_093241-300x169.jpg 300w, https:\/\/www.ufsm.br\/app\/uploads\/sites\/376\/2023\/03\/20230329_093241-1024x576.jpg 1024w, https:\/\/www.ufsm.br\/app\/uploads\/sites\/376\/2023\/03\/20230329_093241-768x432.jpg 768w, https:\/\/www.ufsm.br\/app\/uploads\/sites\/376\/2023\/03\/20230329_093241-1536x864.jpg 1536w, https:\/\/www.ufsm.br\/app\/uploads\/sites\/376\/2023\/03\/20230329_093241.jpg 1920w\" sizes=\"(max-width: 300px) 100vw, 300px\" \/><\/a>O Programa de Moradia Estudantil est\u00e1 vinculado ao Programa de Benef\u00edcio Socioecon\u00f4mico (BSE). Assim, a moradia estudantil \u00e9 voltada a estudantes que possuam o BSE e cumpram os pr\u00e9-requisitos estabelecidos. Para concorrer a uma vaga, os estudantes precisam se inscrever no edital de Processo Seletivo para Participa\u00e7\u00e3o no Programa de Moradia Estudantil. At\u00e9 o final desta semana, sete estudantes j\u00e1 estar\u00e3o residindo na CEU VI, mas, ao longo do semestre mais estudantes dever\u00e3o ingressar na Casa. Isso porque o edital \u00e9 cont\u00ednuo e fica aberto durante todo o semestre, com chamadas peri\u00f3dicas. Para saber mais sobre o Processo Seletivo, acesse o <a href=\"https:\/\/www.ufsm.br\/pro-reitorias\/prae\/editais\/012-2023\">Edital 12\/2023<\/a>.<\/p>\n<p><a href=\"https:\/\/www.ufsm.br\/app\/uploads\/sites\/376\/2023\/03\/20230329_101402.jpg\"><img loading=\"lazy\" decoding=\"async\" class=\"size-medium wp-image-4341 alignleft\" src=\"https:\/\/www.ufsm.br\/app\/uploads\/sites\/376\/2023\/03\/20230329_101402-300x169.jpg\" alt=\"\" width=\"300\" height=\"169\" srcset=\"https:\/\/www.ufsm.br\/app\/uploads\/sites\/376\/2023\/03\/20230329_101402-300x169.jpg 300w, https:\/\/www.ufsm.br\/app\/uploads\/sites\/376\/2023\/03\/20230329_101402-1024x578.jpg 1024w, https:\/\/www.ufsm.br\/app\/uploads\/sites\/376\/2023\/03\/20230329_101402-768x433.jpg 768w, https:\/\/www.ufsm.br\/app\/uploads\/sites\/376\/2023\/03\/20230329_101402-1536x866.jpg 1536w, https:\/\/www.ufsm.br\/app\/uploads\/sites\/376\/2023\/03\/20230329_101402.jpg 1920w\" sizes=\"(max-width: 300px) 100vw, 300px\" \/><\/a>Durante o evento, a pr\u00f3-reitora Gisele Guimar\u00e3es lembrou que a assist\u00eancia estudantil \u00e9 uma das pautas priorit\u00e1rias da Universidade, sendo a UFSM, inclusive, reconhecida pelo seu trabalho nesta \u00e1rea. Para a professora, a Casa do Estudante \u00e9 uma garantia de perman\u00eancia do estudante na gradua\u00e7\u00e3o. O diretor do campus, Anderson Dal Molin, tamb\u00e9m salientou a import\u00e2ncia deste momento para a garantia do futuro destes alunos. Ele ainda coloca que \u00e9 um momento muito importante para o campus, j\u00e1 que est\u00e1 sendo entregue um espa\u00e7o que ter\u00e1 impacto direto no cotidiano dos estudantes. Apesar disso, ressalta o diretor, novos desafios est\u00e3o sempre surgindo, como assegurar a seguran\u00e7a e transporte p\u00fablico para estes acad\u00eamicos que agora ir\u00e3o residir no campus. Al\u00e9m disso, o professor lembrou que a gest\u00e3o da UFSM-CS est\u00e1 constantemente buscando recursos para melhorar a sua infraestrutura e concretizar a implanta\u00e7\u00e3o do campus e que o apoio da comunidade cachoeirense \u00e9 fundamental para que possamos sonhar com um campus consolidado e que atenda muitos outros estudantes.<\/p>\n<p><a href=\"https:\/\/www.ufsm.br\/app\/uploads\/sites\/376\/2023\/03\/20230329_101249.jpg\"><img loading=\"lazy\" decoding=\"async\" class=\"aligncenter  wp-image-4340\" src=\"https:\/\/www.ufsm.br\/app\/uploads\/sites\/376\/2023\/03\/20230329_101249-300x169.jpg\" alt=\"\" width=\"731\" height=\"412\" srcset=\"https:\/\/www.ufsm.br\/app\/uploads\/sites\/376\/2023\/03\/20230329_101249-300x169.jpg 300w, https:\/\/www.ufsm.br\/app\/uploads\/sites\/376\/2023\/03\/20230329_101249-1024x576.jpg 1024w, https:\/\/www.ufsm.br\/app\/uploads\/sites\/376\/2023\/03\/20230329_101249-768x432.jpg 768w, https:\/\/www.ufsm.br\/app\/uploads\/sites\/376\/2023\/03\/20230329_101249-1536x864.jpg 1536w, https:\/\/www.ufsm.br\/app\/uploads\/sites\/376\/2023\/03\/20230329_101249.jpg 1920w\" sizes=\"(max-width: 731px) 100vw, 731px\" \/><\/a><\/p>\n","protected":false},"excerpt":{"rendered":"<p>Entrega oficial das chaves para ocupa\u00e7\u00e3o da Casa do Estudante aconteceu na manh\u00e3 do dia 29 de mar\u00e7o<\/p>\n","protected":false},"author":293,"featured_media":4342,"comment_status":"closed","ping_status":"closed","sticky":false,"template":"","format":"standard","meta":{"footnotes":""},"categories":[21,1],"tags":[],"class_list":["post-4336","post","type-post","status-publish","format-standard","has-post-thumbnail","hentry","category-banner","category-noticias"],"acf":[],"_links":{"self":[{"href":"https:\/\/www.ufsm.br\/unidades-universitarias\/cachoeira-do-sul\/wp-json\/wp\/v2\/posts\/4336","targetHints":{"allow":["GET"]}}],"collection":[{"href":"https:\/\/www.ufsm.br\/unidades-universitarias\/cachoeira-do-sul\/wp-json\/wp\/v2\/posts"}],"about":[{"href":"https:\/\/www.ufsm.br\/unidades-universitarias\/cachoeira-do-sul\/wp-json\/wp\/v2\/types\/post"}],"author":[{"embeddable":true,"href":"https:\/\/www.ufsm.br\/unidades-universitarias\/cachoeira-do-sul\/wp-json\/wp\/v2\/users\/293"}],"replies":[{"embeddable":true,"href":"https:\/\/www.ufsm.br\/unidades-universitarias\/cachoeira-do-sul\/wp-json\/wp\/v2\/comments?post=4336"}],"version-history":[{"count":0,"href":"https:\/\/www.ufsm.br\/unidades-universitarias\/cachoeira-do-sul\/wp-json\/wp\/v2\/posts\/4336\/revisions"}],"wp:featuredmedia":[{"embeddable":true,"href":"https:\/\/www.ufsm.br\/unidades-universitarias\/cachoeira-do-sul\/wp-json\/wp\/v2\/media\/4342"}],"wp:attachment":[{"href":"https:\/\/www.ufsm.br\/unidades-universitarias\/cachoeira-do-sul\/wp-json\/wp\/v2\/media?parent=4336"}],"wp:term":[{"taxonomy":"category","embeddable":true,"href":"https:\/\/www.ufsm.br\/unidades-universitarias\/cachoeira-do-sul\/wp-json\/wp\/v2\/categories?post=4336"},{"taxonomy":"post_tag","embeddable":true,"href":"https:\/\/www.ufsm.br\/unidades-universitarias\/cachoeira-do-sul\/wp-json\/wp\/v2\/tags?post=4336"}],"curies":[{"name":"wp","href":"https:\/\/api.w.org\/{rel}","templated":true}]}}