{"id":4344,"date":"2023-04-04T18:08:11","date_gmt":"2023-04-04T21:08:11","guid":{"rendered":"https:\/\/www.ufsm.br\/unidades-universitarias\/cachoeira-do-sul\/?p=4344"},"modified":"2023-04-04T18:08:12","modified_gmt":"2023-04-04T21:08:12","slug":"curso-de-arquitetura-e-urbanismo-realiza-exposicao-de-trabalhos","status":"publish","type":"post","link":"https:\/\/www.ufsm.br\/unidades-universitarias\/cachoeira-do-sul\/2023\/04\/04\/curso-de-arquitetura-e-urbanismo-realiza-exposicao-de-trabalhos","title":{"rendered":"Curso de Arquitetura e Urbanismo realiza exposi\u00e7\u00e3o de trabalhos"},"content":{"rendered":"\n<p><a href=\"https:\/\/www.ufsm.br\/app\/uploads\/sites\/376\/2023\/04\/IMG_1563.jpeg\"><img fetchpriority=\"high\" decoding=\"async\" class=\"size-medium wp-image-4349 alignright\" src=\"https:\/\/www.ufsm.br\/app\/uploads\/sites\/376\/2023\/04\/IMG_1563-225x300.jpeg\" alt=\"\" width=\"225\" height=\"300\" srcset=\"https:\/\/www.ufsm.br\/app\/uploads\/sites\/376\/2023\/04\/IMG_1563-225x300.jpeg 225w, https:\/\/www.ufsm.br\/app\/uploads\/sites\/376\/2023\/04\/IMG_1563-768x1024.jpeg 768w, https:\/\/www.ufsm.br\/app\/uploads\/sites\/376\/2023\/04\/IMG_1563-1152x1536.jpeg 1152w, https:\/\/www.ufsm.br\/app\/uploads\/sites\/376\/2023\/04\/IMG_1563-1536x2048.jpeg 1536w, https:\/\/www.ufsm.br\/app\/uploads\/sites\/376\/2023\/04\/IMG_1563.jpeg 1920w\" sizes=\"(max-width: 225px) 100vw, 225px\" \/><\/a>No dia 29 de mar\u00e7o foi inaugurada a Mostra de Trabalhos do curso de Arquitetura e Urbanismo do campus da UFSM em Cachoeira do Sul. Promovida pela coordena\u00e7\u00e3o do curso, a exposi\u00e7\u00e3o faz parte da programa\u00e7\u00e3o de in\u00edcio de semestre e oferece uma vis\u00e3o da produ\u00e7\u00e3o das disciplinas desse curso do semestre anterior. Para compor a mostra, todos os professores do curso foram convidados a selecionar um trabalho de sua disciplina, ministrada no 2\u00ba semestre de 2022.<\/p>\n<p><a href=\"https:\/\/www.ufsm.br\/app\/uploads\/sites\/376\/2023\/04\/IMG_1582.jpeg\"><img decoding=\"async\" class=\"size-medium wp-image-4351 alignleft\" src=\"https:\/\/www.ufsm.br\/app\/uploads\/sites\/376\/2023\/04\/IMG_1582-300x225.jpeg\" alt=\"\" width=\"300\" height=\"225\" srcset=\"https:\/\/www.ufsm.br\/app\/uploads\/sites\/376\/2023\/04\/IMG_1582-300x225.jpeg 300w, https:\/\/www.ufsm.br\/app\/uploads\/sites\/376\/2023\/04\/IMG_1582-1024x768.jpeg 1024w, https:\/\/www.ufsm.br\/app\/uploads\/sites\/376\/2023\/04\/IMG_1582-768x576.jpeg 768w, https:\/\/www.ufsm.br\/app\/uploads\/sites\/376\/2023\/04\/IMG_1582-1536x1152.jpeg 1536w, https:\/\/www.ufsm.br\/app\/uploads\/sites\/376\/2023\/04\/IMG_1582.jpeg 1920w\" sizes=\"(max-width: 300px) 100vw, 300px\" \/><\/a>Diferentes eixos de ensino est\u00e3o contemplados nesta mostra: express\u00e3o gr\u00e1fica, teoria e hist\u00f3ria, conforto ambiental, projetos urbanos e projetos arquitet\u00f4nicos. Alguns trabalhos est\u00e3o sendo expostos fisicamente (como pranchas de desenhos, trabalhos impressos e maquetes) e outros est\u00e3o sendo expostos com o apoio de tr\u00eas projetores em modo de apresenta\u00e7\u00e3o autom\u00e1tica. Apenas uma parte ou uma s\u00edntese dos trabalhos est\u00e1 sendo exposta, oferecendo um recorte de boa parte da produ\u00e7\u00e3o realizada nas disciplinas do curso.<\/p>\n<p>A organiza\u00e7\u00e3o desta mostra esteve a cargo dos professores arquitetos Paula Olivo e Samuel Brito, que tamb\u00e9m foram os respons\u00e1veis de conceber e executar as instala\u00e7\u00f5es que converteram o hall num espa\u00e7o expositivo. Esta exposi\u00e7\u00e3o de trabalhos \u00e9 a primeira realizada no pr\u00e9dio da Biblioteca, e outras devem continuar sendo promovidas pela UFSM na busca de consolidar um espa\u00e7o de divulga\u00e7\u00e3o de a\u00e7\u00f5es da nossa universidade. A mostra permanecer\u00e1 aberta para visita\u00e7\u00e3o at\u00e9 o dia 19 de abril.<\/p>\n<p><a href=\"https:\/\/www.ufsm.br\/app\/uploads\/sites\/376\/2023\/04\/IMG_1571.jpeg\"><img decoding=\"async\" class=\"aligncenter size-medium wp-image-4350\" src=\"https:\/\/www.ufsm.br\/app\/uploads\/sites\/376\/2023\/04\/IMG_1571-300x225.jpeg\" alt=\"\" width=\"300\" height=\"225\" srcset=\"https:\/\/www.ufsm.br\/app\/uploads\/sites\/376\/2023\/04\/IMG_1571-300x225.jpeg 300w, https:\/\/www.ufsm.br\/app\/uploads\/sites\/376\/2023\/04\/IMG_1571-1024x768.jpeg 1024w, https:\/\/www.ufsm.br\/app\/uploads\/sites\/376\/2023\/04\/IMG_1571-768x576.jpeg 768w, https:\/\/www.ufsm.br\/app\/uploads\/sites\/376\/2023\/04\/IMG_1571-1536x1152.jpeg 1536w, https:\/\/www.ufsm.br\/app\/uploads\/sites\/376\/2023\/04\/IMG_1571.jpeg 1920w\" sizes=\"(max-width: 300px) 100vw, 300px\" \/><\/a><\/p>\n","protected":false},"excerpt":{"rendered":"<p>A exposi\u00e7\u00e3o est\u00e1 no hall da Biblioteca e permanecer\u00e1 aberta para visita\u00e7\u00e3o at\u00e9 o dia 19 de abril<\/p>\n","protected":false},"author":293,"featured_media":4345,"comment_status":"closed","ping_status":"closed","sticky":false,"template":"","format":"standard","meta":{"footnotes":""},"categories":[21,1],"tags":[],"class_list":["post-4344","post","type-post","status-publish","format-standard","has-post-thumbnail","hentry","category-banner","category-noticias"],"acf":[],"_links":{"self":[{"href":"https:\/\/www.ufsm.br\/unidades-universitarias\/cachoeira-do-sul\/wp-json\/wp\/v2\/posts\/4344","targetHints":{"allow":["GET"]}}],"collection":[{"href":"https:\/\/www.ufsm.br\/unidades-universitarias\/cachoeira-do-sul\/wp-json\/wp\/v2\/posts"}],"about":[{"href":"https:\/\/www.ufsm.br\/unidades-universitarias\/cachoeira-do-sul\/wp-json\/wp\/v2\/types\/post"}],"author":[{"embeddable":true,"href":"https:\/\/www.ufsm.br\/unidades-universitarias\/cachoeira-do-sul\/wp-json\/wp\/v2\/users\/293"}],"replies":[{"embeddable":true,"href":"https:\/\/www.ufsm.br\/unidades-universitarias\/cachoeira-do-sul\/wp-json\/wp\/v2\/comments?post=4344"}],"version-history":[{"count":0,"href":"https:\/\/www.ufsm.br\/unidades-universitarias\/cachoeira-do-sul\/wp-json\/wp\/v2\/posts\/4344\/revisions"}],"wp:featuredmedia":[{"embeddable":true,"href":"https:\/\/www.ufsm.br\/unidades-universitarias\/cachoeira-do-sul\/wp-json\/wp\/v2\/media\/4345"}],"wp:attachment":[{"href":"https:\/\/www.ufsm.br\/unidades-universitarias\/cachoeira-do-sul\/wp-json\/wp\/v2\/media?parent=4344"}],"wp:term":[{"taxonomy":"category","embeddable":true,"href":"https:\/\/www.ufsm.br\/unidades-universitarias\/cachoeira-do-sul\/wp-json\/wp\/v2\/categories?post=4344"},{"taxonomy":"post_tag","embeddable":true,"href":"https:\/\/www.ufsm.br\/unidades-universitarias\/cachoeira-do-sul\/wp-json\/wp\/v2\/tags?post=4344"}],"curies":[{"name":"wp","href":"https:\/\/api.w.org\/{rel}","templated":true}]}}