{"id":4353,"date":"2023-04-06T11:33:27","date_gmt":"2023-04-06T14:33:27","guid":{"rendered":"https:\/\/www.ufsm.br\/unidades-universitarias\/cachoeira-do-sul\/?p=4353"},"modified":"2023-04-12T16:28:22","modified_gmt":"2023-04-12T19:28:22","slug":"4353","status":"publish","type":"post","link":"https:\/\/www.ufsm.br\/unidades-universitarias\/cachoeira-do-sul\/2023\/04\/06\/4353","title":{"rendered":"Dire\u00e7\u00e3o da UFSM-CS realiza reuni\u00e3o com representantes da Caixa e da Prefeitura"},"content":{"rendered":"\n<figure id=\"attachment_4354\" aria-describedby=\"caption-attachment-4354\" style=\"width: 300px\" class=\"wp-caption alignright\"><a href=\"https:\/\/www.ufsm.br\/app\/uploads\/sites\/376\/2023\/04\/WhatsApp-Image-2023-04-06-at-11.19.46.jpeg\"><img fetchpriority=\"high\" decoding=\"async\" class=\"wp-image-4354 size-medium\" src=\"https:\/\/www.ufsm.br\/app\/uploads\/sites\/376\/2023\/04\/WhatsApp-Image-2023-04-06-at-11.19.46-300x225.jpeg\" alt=\"\" width=\"300\" height=\"225\" srcset=\"https:\/\/www.ufsm.br\/app\/uploads\/sites\/376\/2023\/04\/WhatsApp-Image-2023-04-06-at-11.19.46-300x225.jpeg 300w, https:\/\/www.ufsm.br\/app\/uploads\/sites\/376\/2023\/04\/WhatsApp-Image-2023-04-06-at-11.19.46-1024x768.jpeg 1024w, https:\/\/www.ufsm.br\/app\/uploads\/sites\/376\/2023\/04\/WhatsApp-Image-2023-04-06-at-11.19.46-768x576.jpeg 768w, https:\/\/www.ufsm.br\/app\/uploads\/sites\/376\/2023\/04\/WhatsApp-Image-2023-04-06-at-11.19.46-1536x1152.jpeg 1536w, https:\/\/www.ufsm.br\/app\/uploads\/sites\/376\/2023\/04\/WhatsApp-Image-2023-04-06-at-11.19.46.jpeg 1600w\" sizes=\"(max-width: 300px) 100vw, 300px\" \/><\/a><figcaption id=\"caption-attachment-4354\" class=\"wp-caption-text\">Marcelo, Anderson, Fabiano, Luciula, J\u00falio e Giovani.<\/figcaption><\/figure>\n<p>A Dire\u00e7\u00e3o do campus da UFSM em Cachoeira do Sul, professores Anderson Dal Molin e Giovani Zabot, se reuniu, na manh\u00e3 de hoje (06), com representantes da Prefeitura e da Caixa Econ\u00f4mica Federal para discutir quest\u00f5es relativas ao acesso ao campus.<\/p>\n<p>Estiveram presentes o representante da Prefeitura, t\u00e9cnico em edifica\u00e7\u00f5es da Secretaria do Planejamento, Marcelo da Silva Alves; a chefe da Central de Projeto da Caixa, Luciula Pinto da Silva; e o engenheiro da Caixa, Fabiano Medeiros Fraga; al\u00e9m do coordenador Administrativo do campus, J\u00falio Modesto. Ap\u00f3s o alinhamento de algumas quest\u00f5es referentes ao acesso ser\u00e1 poss\u00edvel dar seguimento ao projeto.<\/p>\n<p>\u00a0<\/p>\n<p>\u00a0<\/p>\n","protected":false},"excerpt":{"rendered":"<p>A Dire\u00e7\u00e3o do campus da UFSM em Cachoeira do Sul, professores Anderson Dal Molin e Giovani Zabot, se reuniu, na manh\u00e3 de hoje (06), com representantes da Prefeitura e da Caixa Econ\u00f4mica Federal para discutir quest\u00f5es relativas ao acesso ao campus. Estiveram presentes o representante da Prefeitura, t\u00e9cnico em edifica\u00e7\u00f5es da Secretaria do Planejamento, Marcelo [&hellip;]<\/p>\n","protected":false},"author":293,"featured_media":0,"comment_status":"closed","ping_status":"closed","sticky":false,"template":"","format":"standard","meta":{"footnotes":""},"categories":[1],"tags":[],"class_list":["post-4353","post","type-post","status-publish","format-standard","hentry","category-noticias"],"acf":[],"_links":{"self":[{"href":"https:\/\/www.ufsm.br\/unidades-universitarias\/cachoeira-do-sul\/wp-json\/wp\/v2\/posts\/4353","targetHints":{"allow":["GET"]}}],"collection":[{"href":"https:\/\/www.ufsm.br\/unidades-universitarias\/cachoeira-do-sul\/wp-json\/wp\/v2\/posts"}],"about":[{"href":"https:\/\/www.ufsm.br\/unidades-universitarias\/cachoeira-do-sul\/wp-json\/wp\/v2\/types\/post"}],"author":[{"embeddable":true,"href":"https:\/\/www.ufsm.br\/unidades-universitarias\/cachoeira-do-sul\/wp-json\/wp\/v2\/users\/293"}],"replies":[{"embeddable":true,"href":"https:\/\/www.ufsm.br\/unidades-universitarias\/cachoeira-do-sul\/wp-json\/wp\/v2\/comments?post=4353"}],"version-history":[{"count":0,"href":"https:\/\/www.ufsm.br\/unidades-universitarias\/cachoeira-do-sul\/wp-json\/wp\/v2\/posts\/4353\/revisions"}],"wp:attachment":[{"href":"https:\/\/www.ufsm.br\/unidades-universitarias\/cachoeira-do-sul\/wp-json\/wp\/v2\/media?parent=4353"}],"wp:term":[{"taxonomy":"category","embeddable":true,"href":"https:\/\/www.ufsm.br\/unidades-universitarias\/cachoeira-do-sul\/wp-json\/wp\/v2\/categories?post=4353"},{"taxonomy":"post_tag","embeddable":true,"href":"https:\/\/www.ufsm.br\/unidades-universitarias\/cachoeira-do-sul\/wp-json\/wp\/v2\/tags?post=4353"}],"curies":[{"name":"wp","href":"https:\/\/api.w.org\/{rel}","templated":true}]}}