{"id":4355,"date":"2023-04-10T10:07:13","date_gmt":"2023-04-10T13:07:13","guid":{"rendered":"https:\/\/www.ufsm.br\/unidades-universitarias\/cachoeira-do-sul\/?p=4355"},"modified":"2023-04-10T10:07:14","modified_gmt":"2023-04-10T13:07:14","slug":"equipe-da-proinova-inovatec-e-pulsar-incubadora-farao-apresentacao-no-campus-de-cachoeira-do-sul","status":"publish","type":"post","link":"https:\/\/www.ufsm.br\/unidades-universitarias\/cachoeira-do-sul\/2023\/04\/10\/equipe-da-proinova-inovatec-e-pulsar-incubadora-farao-apresentacao-no-campus-de-cachoeira-do-sul","title":{"rendered":"Equipe da Proinova, InovaTec e Pulsar Incubadora far\u00e3o apresenta\u00e7\u00e3o no campus de Cachoeira do Sul"},"content":{"rendered":"\n<p>Na semana que vem, acontece a apresenta\u00e7\u00e3o da equipe da Pr\u00f3-Reitoria de Inova\u00e7\u00e3o e Empreendedorismo \u00e0 comunidade acad\u00eamica do campus da UFSM em Cachoeira do Sul.<\/p>\n<p>O objetivo \u00e9 apresentar a sua estrutura, composta por Coordenadoria de Educa\u00e7\u00e3o Empreendedora, Propriedade Intelectual, Apoio a Projetos e Prospec\u00e7\u00e3o e Valora\u00e7\u00e3o, al\u00e9m do InovaTec UFSM Parque Tecnol\u00f3gico e Pulsar Incubadora Tecnol\u00f3gica.<\/p>\n<p>Na agenda tamb\u00e9m est\u00e1 prevista uma reuni\u00e3o com empres\u00e1rios e entidades locais a fim de estabelecer conex\u00f5es e parcerias junto ao parque tecnol\u00f3gico e incubadora tecnol\u00f3gica.<\/p>\n<p>A a\u00e7\u00e3o acontece no dia 12 de abril, a partir das 10h no Audit\u00f3rio (sala 201 do Q4lab1) e toda a comunidade universit\u00e1ria est\u00e1 convidada.<\/p>\n","protected":false},"excerpt":{"rendered":"<p>No dia 12 de abril, a equipe estar\u00e1 na cidade para apresentar suas a\u00e7\u00f5es a comunidade universit\u00e1ria<\/p>\n","protected":false},"author":293,"featured_media":0,"comment_status":"closed","ping_status":"closed","sticky":false,"template":"","format":"standard","meta":{"footnotes":""},"categories":[1],"tags":[],"class_list":["post-4355","post","type-post","status-publish","format-standard","hentry","category-noticias"],"acf":[],"_links":{"self":[{"href":"https:\/\/www.ufsm.br\/unidades-universitarias\/cachoeira-do-sul\/wp-json\/wp\/v2\/posts\/4355","targetHints":{"allow":["GET"]}}],"collection":[{"href":"https:\/\/www.ufsm.br\/unidades-universitarias\/cachoeira-do-sul\/wp-json\/wp\/v2\/posts"}],"about":[{"href":"https:\/\/www.ufsm.br\/unidades-universitarias\/cachoeira-do-sul\/wp-json\/wp\/v2\/types\/post"}],"author":[{"embeddable":true,"href":"https:\/\/www.ufsm.br\/unidades-universitarias\/cachoeira-do-sul\/wp-json\/wp\/v2\/users\/293"}],"replies":[{"embeddable":true,"href":"https:\/\/www.ufsm.br\/unidades-universitarias\/cachoeira-do-sul\/wp-json\/wp\/v2\/comments?post=4355"}],"version-history":[{"count":0,"href":"https:\/\/www.ufsm.br\/unidades-universitarias\/cachoeira-do-sul\/wp-json\/wp\/v2\/posts\/4355\/revisions"}],"wp:attachment":[{"href":"https:\/\/www.ufsm.br\/unidades-universitarias\/cachoeira-do-sul\/wp-json\/wp\/v2\/media?parent=4355"}],"wp:term":[{"taxonomy":"category","embeddable":true,"href":"https:\/\/www.ufsm.br\/unidades-universitarias\/cachoeira-do-sul\/wp-json\/wp\/v2\/categories?post=4355"},{"taxonomy":"post_tag","embeddable":true,"href":"https:\/\/www.ufsm.br\/unidades-universitarias\/cachoeira-do-sul\/wp-json\/wp\/v2\/tags?post=4355"}],"curies":[{"name":"wp","href":"https:\/\/api.w.org\/{rel}","templated":true}]}}