{"id":4370,"date":"2023-04-17T15:29:11","date_gmt":"2023-04-17T18:29:11","guid":{"rendered":"https:\/\/www.ufsm.br\/unidades-universitarias\/cachoeira-do-sul\/?p=4370"},"modified":"2023-04-17T15:31:08","modified_gmt":"2023-04-17T18:31:08","slug":"equipe-da-proinova-inovatec-ufsm-parque-tecnologico-e-incubadora-pulsar-apresentam-suas-acoes-no-campus-de-cachoeira-do-sul","status":"publish","type":"post","link":"https:\/\/www.ufsm.br\/unidades-universitarias\/cachoeira-do-sul\/2023\/04\/17\/equipe-da-proinova-inovatec-ufsm-parque-tecnologico-e-incubadora-pulsar-apresentam-suas-acoes-no-campus-de-cachoeira-do-sul","title":{"rendered":"Equipe da Proinova, InovaTec UFSM Parque Tecnol\u00f3gico e Incubadora Pulsar apresentam suas a\u00e7\u00f5es no campus de Cachoeira do Sul"},"content":{"rendered":"\n<p><a href=\"https:\/\/www.ufsm.br\/app\/uploads\/sites\/376\/2023\/04\/20230412_105116.jpg\"><img fetchpriority=\"high\" decoding=\"async\" class=\" wp-image-4371 alignleft\" src=\"https:\/\/www.ufsm.br\/app\/uploads\/sites\/376\/2023\/04\/20230412_105116-300x169.jpg\" alt=\"\" width=\"401\" height=\"226\" srcset=\"https:\/\/www.ufsm.br\/app\/uploads\/sites\/376\/2023\/04\/20230412_105116-300x169.jpg 300w, https:\/\/www.ufsm.br\/app\/uploads\/sites\/376\/2023\/04\/20230412_105116-1024x576.jpg 1024w, https:\/\/www.ufsm.br\/app\/uploads\/sites\/376\/2023\/04\/20230412_105116-768x432.jpg 768w, https:\/\/www.ufsm.br\/app\/uploads\/sites\/376\/2023\/04\/20230412_105116-1536x864.jpg 1536w, https:\/\/www.ufsm.br\/app\/uploads\/sites\/376\/2023\/04\/20230412_105116.jpg 1920w\" sizes=\"(max-width: 401px) 100vw, 401px\" \/><\/a>Com o objetivo de se aproximar do campus de Cachoeira do Sul e comunidade local, a equipe da Pr\u00f3-Reitoria de Inova\u00e7\u00e3o e Empreendedorismo da UFSM apresentou suas a\u00e7\u00f5es aos professores pesquisadores do Campus e representantes do setor privado. Na ocasi\u00e3o, a equipe falou sobre a estrutura da nova Pr\u00f3-reitoria da UFSM, composta pela Coordenadoria de Educa\u00e7\u00e3o Empreendedora, N\u00facleos de Propriedade Intelectual, Apoio a Projetos e Prospec\u00e7\u00e3o e Valora\u00e7\u00e3o, e encerrando com InovaTec UFSM Parque Tecnol\u00f3gico e Pulsar Incubadora Tecnol\u00f3gica.\u00a0<\/p>\n<p>O diretor do campus de Cachoeira do Sul, Anderson Dal Molin, destacou a import\u00e2ncia da Proinova e da interliga\u00e7\u00e3o entre os campi da UFSM. \u201c\u00c9 relevante que os professores e servidores conhe\u00e7am a estrutura da Proinova\u00a0 para saber como se relacionar com as empresas, unindo os projetos da Universidade com as necessidades do mercado\u201d. Ele tamb\u00e9m defendeu a import\u00e2ncia de conversar com o setor privado para captar os problemas e poss\u00edveis solu\u00e7\u00f5es, e assim contribuir para o desenvolvimento local.\u00a0<\/p>\n<p><a href=\"https:\/\/www.ufsm.br\/app\/uploads\/sites\/376\/2023\/04\/20230412_123125.jpg\"><img decoding=\"async\" class=\" wp-image-4372 alignright\" src=\"https:\/\/www.ufsm.br\/app\/uploads\/sites\/376\/2023\/04\/20230412_123125-300x169.jpg\" alt=\"\" width=\"391\" height=\"220\" srcset=\"https:\/\/www.ufsm.br\/app\/uploads\/sites\/376\/2023\/04\/20230412_123125-300x169.jpg 300w, https:\/\/www.ufsm.br\/app\/uploads\/sites\/376\/2023\/04\/20230412_123125-1024x576.jpg 1024w, https:\/\/www.ufsm.br\/app\/uploads\/sites\/376\/2023\/04\/20230412_123125-768x432.jpg 768w, https:\/\/www.ufsm.br\/app\/uploads\/sites\/376\/2023\/04\/20230412_123125-1536x864.jpg 1536w, https:\/\/www.ufsm.br\/app\/uploads\/sites\/376\/2023\/04\/20230412_123125.jpg 1920w\" sizes=\"(max-width: 391px) 100vw, 391px\" \/><\/a>O Pr\u00f3-Reitor de Inova\u00e7\u00e3o e Empreendedorismo, Prof. Daniel Bernardon, refor\u00e7a que a visita cria oportunidades de intera\u00e7\u00e3o e o desenvolvimento de a\u00e7\u00f5es voltadas aos principais desafios enfrentados pelo campus. \u201cFoi um momento oportuno para verificar as principais demandas dos docentes e t\u00e9cnicos administrativos do campus, de modo a proporcionarmos a\u00e7\u00f5es cada vez mais vocacionadas com a realidade de cada unidade. A proposta \u00e9 estreitar cada vez mais as rela\u00e7\u00f5es por meio de a\u00e7\u00f5es que ser\u00e3o promovidas, sendo que parte delas in loco no campus de Cachoeira do Sul como Ideathon, Pr\u00e9-Incubadoras, Capacita\u00e7\u00f5es, e outras&#8221;.<\/p>\n<p>Na visita a Cachoeira, a equipe do InovaTec UFSM parque tecnol\u00f3gico se reuniu com representantes do o Sicredi para apresentar as a\u00e7\u00f5es do Parque e discutir as possibilidades de intera\u00e7\u00f5es com o setor privado.<\/p>\n<p><em>Texto: Assessoria de Comunica\u00e7\u00e3o Proinova e InovaTec UFSM Parque Tecnol\u00f3gico <\/em><\/p>\n","protected":false},"excerpt":{"rendered":"<p>O encontro aconteceu na quarta, dia 12 de abril, no Audit\u00f3rio do campus<\/p>\n","protected":false},"author":293,"featured_media":0,"comment_status":"closed","ping_status":"closed","sticky":false,"template":"","format":"standard","meta":{"footnotes":""},"categories":[1],"tags":[],"class_list":["post-4370","post","type-post","status-publish","format-standard","hentry","category-noticias"],"acf":[],"_links":{"self":[{"href":"https:\/\/www.ufsm.br\/unidades-universitarias\/cachoeira-do-sul\/wp-json\/wp\/v2\/posts\/4370","targetHints":{"allow":["GET"]}}],"collection":[{"href":"https:\/\/www.ufsm.br\/unidades-universitarias\/cachoeira-do-sul\/wp-json\/wp\/v2\/posts"}],"about":[{"href":"https:\/\/www.ufsm.br\/unidades-universitarias\/cachoeira-do-sul\/wp-json\/wp\/v2\/types\/post"}],"author":[{"embeddable":true,"href":"https:\/\/www.ufsm.br\/unidades-universitarias\/cachoeira-do-sul\/wp-json\/wp\/v2\/users\/293"}],"replies":[{"embeddable":true,"href":"https:\/\/www.ufsm.br\/unidades-universitarias\/cachoeira-do-sul\/wp-json\/wp\/v2\/comments?post=4370"}],"version-history":[{"count":0,"href":"https:\/\/www.ufsm.br\/unidades-universitarias\/cachoeira-do-sul\/wp-json\/wp\/v2\/posts\/4370\/revisions"}],"wp:attachment":[{"href":"https:\/\/www.ufsm.br\/unidades-universitarias\/cachoeira-do-sul\/wp-json\/wp\/v2\/media?parent=4370"}],"wp:term":[{"taxonomy":"category","embeddable":true,"href":"https:\/\/www.ufsm.br\/unidades-universitarias\/cachoeira-do-sul\/wp-json\/wp\/v2\/categories?post=4370"},{"taxonomy":"post_tag","embeddable":true,"href":"https:\/\/www.ufsm.br\/unidades-universitarias\/cachoeira-do-sul\/wp-json\/wp\/v2\/tags?post=4370"}],"curies":[{"name":"wp","href":"https:\/\/api.w.org\/{rel}","templated":true}]}}