{"id":4427,"date":"2023-04-28T08:45:58","date_gmt":"2023-04-28T11:45:58","guid":{"rendered":"https:\/\/www.ufsm.br\/unidades-universitarias\/cachoeira-do-sul\/?p=4427"},"modified":"2023-04-28T11:08:06","modified_gmt":"2023-04-28T14:08:06","slug":"ufsm-cs-organiza-palestra-para-curso-de-arquitetura-e-urbanismo-ministrada-pelo-estudio-sarasa","status":"publish","type":"post","link":"https:\/\/www.ufsm.br\/unidades-universitarias\/cachoeira-do-sul\/2023\/04\/28\/ufsm-cs-organiza-palestra-para-curso-de-arquitetura-e-urbanismo-ministrada-pelo-estudio-sarasa","title":{"rendered":"Est\u00fadio Saras\u00e1 ministra palestra para curso de Arquitetura e Urbanismo"},"content":{"rendered":"\n<p class=\"western\" align=\"justify\"><span style=\"font-family: Arial, serif\"><a href=\"https:\/\/www.ufsm.br\/app\/uploads\/sites\/376\/2023\/04\/Foto-evento-patrimonio-2-24.04.2023.jpg\"><img fetchpriority=\"high\" decoding=\"async\" class=\" wp-image-4431 alignleft\" src=\"https:\/\/www.ufsm.br\/app\/uploads\/sites\/376\/2023\/04\/Foto-evento-patrimonio-2-24.04.2023-300x169.jpg\" alt=\"\" width=\"434\" height=\"244\" srcset=\"https:\/\/www.ufsm.br\/app\/uploads\/sites\/376\/2023\/04\/Foto-evento-patrimonio-2-24.04.2023-300x169.jpg 300w, https:\/\/www.ufsm.br\/app\/uploads\/sites\/376\/2023\/04\/Foto-evento-patrimonio-2-24.04.2023-1024x576.jpg 1024w, https:\/\/www.ufsm.br\/app\/uploads\/sites\/376\/2023\/04\/Foto-evento-patrimonio-2-24.04.2023-768x432.jpg 768w, https:\/\/www.ufsm.br\/app\/uploads\/sites\/376\/2023\/04\/Foto-evento-patrimonio-2-24.04.2023-1536x864.jpg 1536w, https:\/\/www.ufsm.br\/app\/uploads\/sites\/376\/2023\/04\/Foto-evento-patrimonio-2-24.04.2023.jpg 1600w\" sizes=\"(max-width: 434px) 100vw, 434px\" \/><\/a>No dia 24 de abril de 2023, ocorreu, na Casa de Cultura de Cachoeira do Sul, a palestra intitulada &#8220;A Zeladoria do Patrim\u00f4nio Cultural: o Ch\u00e2teau d&#8217;Eau e outras experi\u00eancias no sentir e fazer a preserva\u00e7\u00e3o de culturas&#8221;, ministrada pelo coordenador e idealizador da Zeladoria do Patrim\u00f4nio Cultural, conservador restaurador, Antonio Saras\u00e1, juntamente com Fl\u00e1via Sutelo, diretora de cria\u00e7\u00e3o, projetos culturais e zeladoria no Est\u00fadio Saras\u00e1. <\/span><\/p>\n<p class=\"western\" align=\"justify\"><span style=\"font-family: Arial, serif\">O evento contou com a participa\u00e7\u00e3o de cerca de 120 pessoas, sendo a maioria alunos do curso de arquitetura, al\u00e9m de representantes da Associa\u00e7\u00e3o Cachoeirense de Amigos da Cultura \u2013 AMICUS e do Conselho Municipal do Patrim\u00f4nio Hist\u00f3rico-Cultural &#8211; COMPAHC. Tamb\u00e9m estiveram presentes membros da comunidade interessados na \u00e1rea do patrim\u00f4nio.<\/span><\/p>\n<figure id=\"attachment_4430\" aria-describedby=\"caption-attachment-4430\" style=\"width: 338px\" class=\"wp-caption alignright\"><a href=\"https:\/\/www.ufsm.br\/app\/uploads\/sites\/376\/2023\/04\/Foto-evento-patrimonio-3-24.04.2023.jpg\"><img decoding=\"async\" class=\"wp-image-4430\" src=\"https:\/\/www.ufsm.br\/app\/uploads\/sites\/376\/2023\/04\/Foto-evento-patrimonio-3-24.04.2023-300x224.jpg\" alt=\"\" width=\"338\" height=\"252\" srcset=\"https:\/\/www.ufsm.br\/app\/uploads\/sites\/376\/2023\/04\/Foto-evento-patrimonio-3-24.04.2023-300x224.jpg 300w, https:\/\/www.ufsm.br\/app\/uploads\/sites\/376\/2023\/04\/Foto-evento-patrimonio-3-24.04.2023-1024x766.jpg 1024w, https:\/\/www.ufsm.br\/app\/uploads\/sites\/376\/2023\/04\/Foto-evento-patrimonio-3-24.04.2023-768x574.jpg 768w, https:\/\/www.ufsm.br\/app\/uploads\/sites\/376\/2023\/04\/Foto-evento-patrimonio-3-24.04.2023.jpg 1280w\" sizes=\"(max-width: 338px) 100vw, 338px\" \/><\/a><figcaption id=\"caption-attachment-4430\" class=\"wp-caption-text\">Fl\u00e1via Sutelo, prof\u00aa Luiza Pacheco Delongui, prof\u00aa Juliana P\u00e1dua e Antonio Saras\u00e1<\/figcaption><\/figure>\n<p class=\"western\" align=\"justify\"><span style=\"font-family: Arial, serif\">Organizado pelas professoras arquitetas e urbanistas Juliana P\u00e1dua, Luiza Pacheco Delongui e Paula Olivo, a palestra abordou quest\u00f5es importantes acerca da preserva\u00e7\u00e3o e conserva\u00e7\u00e3o do patrim\u00f4nio cultural. Foi a primeira vez que o Est\u00fadio Saras\u00e1 fez uma fala direcionada aos alunos do curso de Arquitetura, e h\u00e1 a ideia de promover outros momentos similares de exposi\u00e7\u00e3o, reflex\u00e3o e discuss\u00e3o acerca do patrim\u00f4nio.<\/span><\/p>\n<p class=\"western\" align=\"justify\"><span style=\"font-family: Arial, serif\"><a href=\"https:\/\/www.ufsm.br\/app\/uploads\/sites\/376\/2023\/04\/Foto-evento-patrimonio-1-24.04.2023.jpg\"><img decoding=\"async\" class=\" wp-image-4432 alignleft\" src=\"https:\/\/www.ufsm.br\/app\/uploads\/sites\/376\/2023\/04\/Foto-evento-patrimonio-1-24.04.2023-300x169.jpg\" alt=\"\" width=\"492\" height=\"277\" srcset=\"https:\/\/www.ufsm.br\/app\/uploads\/sites\/376\/2023\/04\/Foto-evento-patrimonio-1-24.04.2023-300x169.jpg 300w, https:\/\/www.ufsm.br\/app\/uploads\/sites\/376\/2023\/04\/Foto-evento-patrimonio-1-24.04.2023-1024x576.jpg 1024w, https:\/\/www.ufsm.br\/app\/uploads\/sites\/376\/2023\/04\/Foto-evento-patrimonio-1-24.04.2023-768x432.jpg 768w, https:\/\/www.ufsm.br\/app\/uploads\/sites\/376\/2023\/04\/Foto-evento-patrimonio-1-24.04.2023-1536x864.jpg 1536w, https:\/\/www.ufsm.br\/app\/uploads\/sites\/376\/2023\/04\/Foto-evento-patrimonio-1-24.04.2023.jpg 1600w\" sizes=\"(max-width: 492px) 100vw, 492px\" \/><\/a>Al\u00e9m disso, est\u00e1 sendo considerada a possibilidade de realiza\u00e7\u00e3o de oficinas de sensibiliza\u00e7\u00e3o sobre aspectos patrimoniais, t\u00e9cnicas construtivas tradicionais, conserva\u00e7\u00e3o e zeladoria do patrim\u00f4nio material. <\/span><\/p>\n<p class=\"western\" align=\"justify\"><span style=\"font-family: Arial, serif\">Segundo as <\/span><span style=\"font-family: Arial, serif\">organizadoras, <\/span><span style=\"font-family: Arial, serif\">a palestra teve repercuss\u00e3o muito positiva e, acredita-se, que tenha contribu\u00eddo sobremaneira para a forma\u00e7\u00e3o dos estudantes de Arquitetura e Urbanismo. \u201cAgradecemos<\/span><span style=\"font-family: Arial, serif\"> a disponibilidade dos convidados e a significativa ades\u00e3o dos alunos e demais interessados que estiveram presentes\u201d, <\/span><span style=\"font-family: Arial, serif\">complementa a professora Luiza Pacheco.<\/span><\/p>\n","protected":false},"excerpt":{"rendered":"<p>No dia 24 de abril de 2023, ocorreu, na Casa de Cultura de Cachoeira do Sul, a palestra intitulada &#8220;A Zeladoria do Patrim\u00f4nio Cultural: o Ch\u00e2teau d&#8217;Eau e outras experi\u00eancias no sentir e fazer a preserva\u00e7\u00e3o de culturas&#8221;, ministrada pelo coordenador e idealizador da Zeladoria do Patrim\u00f4nio Cultural, conservador restaurador, Antonio Saras\u00e1, juntamente com Fl\u00e1via [&hellip;]<\/p>\n","protected":false},"author":293,"featured_media":4433,"comment_status":"closed","ping_status":"closed","sticky":false,"template":"","format":"standard","meta":{"footnotes":""},"categories":[21,1],"tags":[],"class_list":["post-4427","post","type-post","status-publish","format-standard","has-post-thumbnail","hentry","category-banner","category-noticias"],"acf":[],"_links":{"self":[{"href":"https:\/\/www.ufsm.br\/unidades-universitarias\/cachoeira-do-sul\/wp-json\/wp\/v2\/posts\/4427","targetHints":{"allow":["GET"]}}],"collection":[{"href":"https:\/\/www.ufsm.br\/unidades-universitarias\/cachoeira-do-sul\/wp-json\/wp\/v2\/posts"}],"about":[{"href":"https:\/\/www.ufsm.br\/unidades-universitarias\/cachoeira-do-sul\/wp-json\/wp\/v2\/types\/post"}],"author":[{"embeddable":true,"href":"https:\/\/www.ufsm.br\/unidades-universitarias\/cachoeira-do-sul\/wp-json\/wp\/v2\/users\/293"}],"replies":[{"embeddable":true,"href":"https:\/\/www.ufsm.br\/unidades-universitarias\/cachoeira-do-sul\/wp-json\/wp\/v2\/comments?post=4427"}],"version-history":[{"count":0,"href":"https:\/\/www.ufsm.br\/unidades-universitarias\/cachoeira-do-sul\/wp-json\/wp\/v2\/posts\/4427\/revisions"}],"wp:featuredmedia":[{"embeddable":true,"href":"https:\/\/www.ufsm.br\/unidades-universitarias\/cachoeira-do-sul\/wp-json\/wp\/v2\/media\/4433"}],"wp:attachment":[{"href":"https:\/\/www.ufsm.br\/unidades-universitarias\/cachoeira-do-sul\/wp-json\/wp\/v2\/media?parent=4427"}],"wp:term":[{"taxonomy":"category","embeddable":true,"href":"https:\/\/www.ufsm.br\/unidades-universitarias\/cachoeira-do-sul\/wp-json\/wp\/v2\/categories?post=4427"},{"taxonomy":"post_tag","embeddable":true,"href":"https:\/\/www.ufsm.br\/unidades-universitarias\/cachoeira-do-sul\/wp-json\/wp\/v2\/tags?post=4427"}],"curies":[{"name":"wp","href":"https:\/\/api.w.org\/{rel}","templated":true}]}}