{"id":4445,"date":"2023-05-08T14:39:48","date_gmt":"2023-05-08T17:39:48","guid":{"rendered":"https:\/\/www.ufsm.br\/unidades-universitarias\/cachoeira-do-sul\/?p=4445"},"modified":"2023-05-08T14:39:50","modified_gmt":"2023-05-08T17:39:50","slug":"curso-de-arquitetura-e-urbanismo-da-ufsm-cs-realiza-oficina-de-maquetes-comestiveis","status":"publish","type":"post","link":"https:\/\/www.ufsm.br\/unidades-universitarias\/cachoeira-do-sul\/2023\/05\/08\/curso-de-arquitetura-e-urbanismo-da-ufsm-cs-realiza-oficina-de-maquetes-comestiveis","title":{"rendered":"Curso de Arquitetura e Urbanismo da UFSM-CS realiza oficina de maquetes comest\u00edveis"},"content":{"rendered":"\n<figure id=\"attachment_4448\" aria-describedby=\"caption-attachment-4448\" style=\"width: 210px\" class=\"wp-caption alignleft\"><a href=\"https:\/\/www.ufsm.br\/app\/uploads\/sites\/376\/2023\/05\/oficina-de-maquetes-_1804.jpg\"><img fetchpriority=\"high\" decoding=\"async\" class=\"wp-image-4448\" src=\"https:\/\/www.ufsm.br\/app\/uploads\/sites\/376\/2023\/05\/oficina-de-maquetes-_1804-225x300.jpg\" alt=\"\" width=\"210\" height=\"280\" srcset=\"https:\/\/www.ufsm.br\/app\/uploads\/sites\/376\/2023\/05\/oficina-de-maquetes-_1804-225x300.jpg 225w, https:\/\/www.ufsm.br\/app\/uploads\/sites\/376\/2023\/05\/oficina-de-maquetes-_1804.jpg 768w\" sizes=\"(max-width: 210px) 100vw, 210px\" \/><\/a><figcaption id=\"caption-attachment-4448\" class=\"wp-caption-text\">Atividade foi realizada no Espa\u00e7o de Conviv\u00eancia dos alunos da UFSM-CS<\/figcaption><\/figure>\n<p>No dia 25 do \u00faltimo m\u00eas, os alunos da disciplina de Hist\u00f3ria da Arquitetura e Urbanismo I do campus da UFSM em Cachoeira do Sul, ministrada pela profa. dra. Maria Luiza Zanatta, participaram da oficina de elabora\u00e7\u00e3o de \u00a8maquetes comest\u00edveis\u00a8 com o objetivo de reproduzirem exemplares arquitet\u00f4nicos real\u00edsticos de diferentes per\u00edodos da hist\u00f3ria, previamente estudados em sala de aula ao longo do 2\u00ba semestre do curso.<\/p>\n<figure id=\"attachment_4449\" aria-describedby=\"caption-attachment-4449\" style=\"width: 338px\" class=\"wp-caption alignright\"><a href=\"https:\/\/www.ufsm.br\/app\/uploads\/sites\/376\/2023\/05\/1a-Oficina-de-Maquetes-Comestiveis_-Historia-da-Arquitetura-I.jpg\"><img decoding=\"async\" class=\"wp-image-4449\" src=\"https:\/\/www.ufsm.br\/app\/uploads\/sites\/376\/2023\/05\/1a-Oficina-de-Maquetes-Comestiveis_-Historia-da-Arquitetura-I-300x191.jpg\" alt=\"\" width=\"338\" height=\"215\" srcset=\"https:\/\/www.ufsm.br\/app\/uploads\/sites\/376\/2023\/05\/1a-Oficina-de-Maquetes-Comestiveis_-Historia-da-Arquitetura-I-300x191.jpg 300w, https:\/\/www.ufsm.br\/app\/uploads\/sites\/376\/2023\/05\/1a-Oficina-de-Maquetes-Comestiveis_-Historia-da-Arquitetura-I-1024x653.jpg 1024w, https:\/\/www.ufsm.br\/app\/uploads\/sites\/376\/2023\/05\/1a-Oficina-de-Maquetes-Comestiveis_-Historia-da-Arquitetura-I-768x490.jpg 768w, https:\/\/www.ufsm.br\/app\/uploads\/sites\/376\/2023\/05\/1a-Oficina-de-Maquetes-Comestiveis_-Historia-da-Arquitetura-I.jpg 1280w\" sizes=\"(max-width: 338px) 100vw, 338px\" \/><\/a><figcaption id=\"caption-attachment-4449\" class=\"wp-caption-text\">Profa Maria Luiza, Profa Luciani e os alunos da turma de Hist\u00f3ria da Arquitetura e Urbanismo I<\/figcaption><\/figure>\n<p>A atividade teve por objetivo aplicar a metodologia \u00a8hands on\u00a8 que consiste numa experi\u00eancia de aprendizagem na qual o aluno \u00e9 o protagonista e o\u00a0 desenvolvedor da aprendizagem em tarefas nas quais \u00e9 necess\u00e1rio planejar, criar, colocar a \u201cm\u00e3o na massa\u201d e construir produtos ou prot\u00f3tipos que derivem em solu\u00e7\u00f5es criativas\u00a0 para os problemas cotidianos, utilizando sua capacidade de cria\u00e7\u00e3o para resolver um problema, tornando a solu\u00e7\u00e3o algo palp\u00e1vel e poss\u00edvel de ser aplicada.<\/p>\n<p>Al\u00e9m dos alunos da disciplina e a docente Maria Luiza, a oficina tamb\u00e9m contou com a participa\u00e7\u00e3o da professora Luciani Lens.<\/p>\n<figure id=\"attachment_4447\" aria-describedby=\"caption-attachment-4447\" style=\"width: 400px\" class=\"wp-caption aligncenter\"><a href=\"https:\/\/www.ufsm.br\/app\/uploads\/sites\/376\/2023\/05\/casa-da-aldeia_-cachoeira-do-sul.jpg\"><img decoding=\"async\" class=\"wp-image-4447\" src=\"https:\/\/www.ufsm.br\/app\/uploads\/sites\/376\/2023\/05\/casa-da-aldeia_-cachoeira-do-sul-300x216.jpg\" alt=\"\" width=\"400\" height=\"288\" srcset=\"https:\/\/www.ufsm.br\/app\/uploads\/sites\/376\/2023\/05\/casa-da-aldeia_-cachoeira-do-sul-300x216.jpg 300w, https:\/\/www.ufsm.br\/app\/uploads\/sites\/376\/2023\/05\/casa-da-aldeia_-cachoeira-do-sul-1024x736.jpg 1024w, https:\/\/www.ufsm.br\/app\/uploads\/sites\/376\/2023\/05\/casa-da-aldeia_-cachoeira-do-sul-768x552.jpg 768w, https:\/\/www.ufsm.br\/app\/uploads\/sites\/376\/2023\/05\/casa-da-aldeia_-cachoeira-do-sul-1536x1104.jpg 1536w, https:\/\/www.ufsm.br\/app\/uploads\/sites\/376\/2023\/05\/casa-da-aldeia_-cachoeira-do-sul.jpg 1551w\" sizes=\"(max-width: 400px) 100vw, 400px\" \/><\/a><figcaption id=\"caption-attachment-4447\" class=\"wp-caption-text\">Casa da Aldeia \u2013 o exemplar mais antigo ainda existente do tipo de constru\u00e7\u00e3o em Cachoeira do Sul<\/figcaption><\/figure>\n","protected":false},"excerpt":{"rendered":"<p>No dia 25 do \u00faltimo m\u00eas, os alunos da disciplina de Hist\u00f3ria da Arquitetura e Urbanismo I do campus da UFSM em Cachoeira do Sul, ministrada pela profa. dra. Maria Luiza Zanatta, participaram da oficina de elabora\u00e7\u00e3o de \u00a8maquetes comest\u00edveis\u00a8 com o objetivo de reproduzirem exemplares arquitet\u00f4nicos real\u00edsticos de diferentes per\u00edodos da hist\u00f3ria, previamente estudados [&hellip;]<\/p>\n","protected":false},"author":293,"featured_media":4446,"comment_status":"closed","ping_status":"closed","sticky":false,"template":"","format":"standard","meta":{"footnotes":""},"categories":[21,1],"tags":[],"class_list":["post-4445","post","type-post","status-publish","format-standard","has-post-thumbnail","hentry","category-banner","category-noticias"],"acf":[],"_links":{"self":[{"href":"https:\/\/www.ufsm.br\/unidades-universitarias\/cachoeira-do-sul\/wp-json\/wp\/v2\/posts\/4445","targetHints":{"allow":["GET"]}}],"collection":[{"href":"https:\/\/www.ufsm.br\/unidades-universitarias\/cachoeira-do-sul\/wp-json\/wp\/v2\/posts"}],"about":[{"href":"https:\/\/www.ufsm.br\/unidades-universitarias\/cachoeira-do-sul\/wp-json\/wp\/v2\/types\/post"}],"author":[{"embeddable":true,"href":"https:\/\/www.ufsm.br\/unidades-universitarias\/cachoeira-do-sul\/wp-json\/wp\/v2\/users\/293"}],"replies":[{"embeddable":true,"href":"https:\/\/www.ufsm.br\/unidades-universitarias\/cachoeira-do-sul\/wp-json\/wp\/v2\/comments?post=4445"}],"version-history":[{"count":0,"href":"https:\/\/www.ufsm.br\/unidades-universitarias\/cachoeira-do-sul\/wp-json\/wp\/v2\/posts\/4445\/revisions"}],"wp:featuredmedia":[{"embeddable":true,"href":"https:\/\/www.ufsm.br\/unidades-universitarias\/cachoeira-do-sul\/wp-json\/wp\/v2\/media\/4446"}],"wp:attachment":[{"href":"https:\/\/www.ufsm.br\/unidades-universitarias\/cachoeira-do-sul\/wp-json\/wp\/v2\/media?parent=4445"}],"wp:term":[{"taxonomy":"category","embeddable":true,"href":"https:\/\/www.ufsm.br\/unidades-universitarias\/cachoeira-do-sul\/wp-json\/wp\/v2\/categories?post=4445"},{"taxonomy":"post_tag","embeddable":true,"href":"https:\/\/www.ufsm.br\/unidades-universitarias\/cachoeira-do-sul\/wp-json\/wp\/v2\/tags?post=4445"}],"curies":[{"name":"wp","href":"https:\/\/api.w.org\/{rel}","templated":true}]}}