{"id":4460,"date":"2023-05-10T17:53:42","date_gmt":"2023-05-10T20:53:42","guid":{"rendered":"https:\/\/www.ufsm.br\/unidades-universitarias\/cachoeira-do-sul\/?p=4460"},"modified":"2023-05-10T17:53:44","modified_gmt":"2023-05-10T20:53:44","slug":"modelab-realiza-oficina-de-fabricacao-digital","status":"publish","type":"post","link":"https:\/\/www.ufsm.br\/unidades-universitarias\/cachoeira-do-sul\/2023\/05\/10\/modelab-realiza-oficina-de-fabricacao-digital","title":{"rendered":"ModeLAB realiza Oficina de Fabrica\u00e7\u00e3o Digital"},"content":{"rendered":"\n<p><a href=\"https:\/\/www.ufsm.br\/app\/uploads\/sites\/376\/2023\/05\/POST-oficina-de-fabricacao-digital-1.jpg\"><img fetchpriority=\"high\" decoding=\"async\" class=\" wp-image-4457 alignright\" src=\"https:\/\/www.ufsm.br\/app\/uploads\/sites\/376\/2023\/05\/POST-oficina-de-fabricacao-digital-1-300x300.jpg\" alt=\"\" width=\"429\" height=\"429\" srcset=\"https:\/\/www.ufsm.br\/app\/uploads\/sites\/376\/2023\/05\/POST-oficina-de-fabricacao-digital-1-300x300.jpg 300w, https:\/\/www.ufsm.br\/app\/uploads\/sites\/376\/2023\/05\/POST-oficina-de-fabricacao-digital-1-1024x1024.jpg 1024w, https:\/\/www.ufsm.br\/app\/uploads\/sites\/376\/2023\/05\/POST-oficina-de-fabricacao-digital-1-150x150.jpg 150w, https:\/\/www.ufsm.br\/app\/uploads\/sites\/376\/2023\/05\/POST-oficina-de-fabricacao-digital-1-768x768.jpg 768w, https:\/\/www.ufsm.br\/app\/uploads\/sites\/376\/2023\/05\/POST-oficina-de-fabricacao-digital-1-1536x1536.jpg 1536w, https:\/\/www.ufsm.br\/app\/uploads\/sites\/376\/2023\/05\/POST-oficina-de-fabricacao-digital-1.jpg 1920w\" sizes=\"(max-width: 429px) 100vw, 429px\" \/><\/a>Entre os dias 31 de maio e 03 de junho, o Laborat\u00f3rio de Modelagem em Arquitetura (ModeLAB) estar\u00e1 realizando a Oficina de Fabrica\u00e7\u00e3o Digital &#8211; do projeto ao objeto, no campus da UFSM em Cachoeira do Sul.<\/p>\n<p>Ministrado pelos docentes do curso de Arquitetura e Urbanismo J\u00falio Pires, Laline Cenci e Olavo Avalone Neto, o evento \u00e9 destinado a discentes, docentes e t\u00e9cnicos administrativos da UFSM-CS.<\/p>\n<p>Para participar \u00e9 preciso realizar inscri\u00e7\u00e3o atrav\u00e9s deste <a href=\"https:\/\/docs.google.com\/forms\/d\/e\/1FAIpQLScCePOi_BDAwUQF0SxKew32I9zBjOzWoptwS4uiA71TJCFYdQ\/viewform\">link<\/a> e atender os seguintes pr\u00e9-requisitos: conhecimento em algum software de modelagem tridimensional; e levar um notebook (recomend\u00e1vel). Ser\u00e3o 12 vagas e os participantes receber\u00e3o certificado de 20h.\u00a0<\/p>\n<p>\u00a0<\/p>\n\n\n","protected":false},"excerpt":{"rendered":"<p>Entre os dias 31 de maio e 03 de junho, o Laborat\u00f3rio de Modelagem em Arquitetura (ModeLAB) estar\u00e1 realizando a Oficina de Fabrica\u00e7\u00e3o Digital &#8211; do projeto ao objeto, no campus da UFSM em Cachoeira do Sul. Ministrado pelos docentes do curso de Arquitetura e Urbanismo J\u00falio Pires, Laline Cenci e Olavo Avalone Neto, o [&hellip;]<\/p>\n","protected":false},"author":293,"featured_media":4458,"comment_status":"closed","ping_status":"closed","sticky":false,"template":"","format":"standard","meta":{"footnotes":""},"categories":[21,1],"tags":[],"class_list":["post-4460","post","type-post","status-publish","format-standard","has-post-thumbnail","hentry","category-banner","category-noticias"],"acf":[],"_links":{"self":[{"href":"https:\/\/www.ufsm.br\/unidades-universitarias\/cachoeira-do-sul\/wp-json\/wp\/v2\/posts\/4460","targetHints":{"allow":["GET"]}}],"collection":[{"href":"https:\/\/www.ufsm.br\/unidades-universitarias\/cachoeira-do-sul\/wp-json\/wp\/v2\/posts"}],"about":[{"href":"https:\/\/www.ufsm.br\/unidades-universitarias\/cachoeira-do-sul\/wp-json\/wp\/v2\/types\/post"}],"author":[{"embeddable":true,"href":"https:\/\/www.ufsm.br\/unidades-universitarias\/cachoeira-do-sul\/wp-json\/wp\/v2\/users\/293"}],"replies":[{"embeddable":true,"href":"https:\/\/www.ufsm.br\/unidades-universitarias\/cachoeira-do-sul\/wp-json\/wp\/v2\/comments?post=4460"}],"version-history":[{"count":0,"href":"https:\/\/www.ufsm.br\/unidades-universitarias\/cachoeira-do-sul\/wp-json\/wp\/v2\/posts\/4460\/revisions"}],"wp:featuredmedia":[{"embeddable":true,"href":"https:\/\/www.ufsm.br\/unidades-universitarias\/cachoeira-do-sul\/wp-json\/wp\/v2\/media\/4458"}],"wp:attachment":[{"href":"https:\/\/www.ufsm.br\/unidades-universitarias\/cachoeira-do-sul\/wp-json\/wp\/v2\/media?parent=4460"}],"wp:term":[{"taxonomy":"category","embeddable":true,"href":"https:\/\/www.ufsm.br\/unidades-universitarias\/cachoeira-do-sul\/wp-json\/wp\/v2\/categories?post=4460"},{"taxonomy":"post_tag","embeddable":true,"href":"https:\/\/www.ufsm.br\/unidades-universitarias\/cachoeira-do-sul\/wp-json\/wp\/v2\/tags?post=4460"}],"curies":[{"name":"wp","href":"https:\/\/api.w.org\/{rel}","templated":true}]}}