{"id":4472,"date":"2023-05-19T10:47:20","date_gmt":"2023-05-19T13:47:20","guid":{"rendered":"https:\/\/www.ufsm.br\/unidades-universitarias\/cachoeira-do-sul\/?p=4472"},"modified":"2023-05-19T12:22:51","modified_gmt":"2023-05-19T15:22:51","slug":"professores-da-ufsm-cs-participam-de-evento-no-dia-mundial-do-meio-ambiente","status":"publish","type":"post","link":"https:\/\/www.ufsm.br\/unidades-universitarias\/cachoeira-do-sul\/2023\/05\/19\/professores-da-ufsm-cs-participam-de-evento-no-dia-mundial-do-meio-ambiente","title":{"rendered":"Professores da UFSM-CS participam de evento no Dia Mundial do Meio Ambiente"},"content":{"rendered":"\n<p><a href=\"https:\/\/www.ufsm.br\/app\/uploads\/sites\/376\/2023\/05\/Meio-Ambiente-1-1-1.jpg\"><img fetchpriority=\"high\" decoding=\"async\" class=\"size-medium wp-image-4474 alignright\" src=\"https:\/\/www.ufsm.br\/app\/uploads\/sites\/376\/2023\/05\/Meio-Ambiente-1-1-1-300x300.jpg\" alt=\"\" width=\"300\" height=\"300\" srcset=\"https:\/\/www.ufsm.br\/app\/uploads\/sites\/376\/2023\/05\/Meio-Ambiente-1-1-1-300x300.jpg 300w, https:\/\/www.ufsm.br\/app\/uploads\/sites\/376\/2023\/05\/Meio-Ambiente-1-1-1-1024x1024.jpg 1024w, https:\/\/www.ufsm.br\/app\/uploads\/sites\/376\/2023\/05\/Meio-Ambiente-1-1-1-150x150.jpg 150w, https:\/\/www.ufsm.br\/app\/uploads\/sites\/376\/2023\/05\/Meio-Ambiente-1-1-1-768x768.jpg 768w, https:\/\/www.ufsm.br\/app\/uploads\/sites\/376\/2023\/05\/Meio-Ambiente-1-1-1-1536x1536.jpg 1536w, https:\/\/www.ufsm.br\/app\/uploads\/sites\/376\/2023\/05\/Meio-Ambiente-1-1-1.jpg 1920w\" sizes=\"(max-width: 300px) 100vw, 300px\" \/><\/a>No dia 05\/06, estar\u00e1 acontecendo a realiza\u00e7\u00e3o do Semin\u00e1rio sobre o Meio Ambiente, promovido pelo Lions Clube, com o apoio do campus da UFSM em Cachoeira do Sul e de outras entidades da cidade. O evento ser\u00e1 no Audit\u00f3rio do Sicredi Centro Leste, a partir das 8h30min.<\/p>\n<p>Al\u00e9m do apoio da UFSM-CS na organiza\u00e7\u00e3o, os professores Zanandra Boff de Oliveira, Paulo Cesar Vargas Luz e Mariana Vieira Coronas da UFSM-CS\u00a0 tamb\u00e9m estar\u00e3o representando o campus em pain\u00e9is durante o evento.<\/p>\n<p>As inscri\u00e7\u00f5es v\u00e3o at\u00e9 a pr\u00f3xima segunda-feira, dia 22 de maio, atrav\u00e9s de formul\u00e1rio eletr\u00f4nico. Para se inscrever, acesse <a href=\"https:\/\/bit.ly\/SeminarioMeioAmbiente2023\">https:\/\/bit.ly\/SeminarioMeioAmbiente2023<\/a><\/p>\n<p>Para acessar a programa\u00e7\u00e3o completa, clique <a href=\"https:\/\/www.ufsm.br\/app\/uploads\/sites\/376\/2023\/05\/Programacao-SeminarioMeioAmbiente-1.pdf\">aqui.<\/a><\/p>\n<p>\u00a0<\/p>\n","protected":false},"excerpt":{"rendered":"<p>Evento acontece no dia 05 de junho e \u00e9 promovido pelo Lions Clube de Cachoeira do Sul<\/p>\n","protected":false},"author":293,"featured_media":0,"comment_status":"closed","ping_status":"closed","sticky":false,"template":"","format":"standard","meta":{"footnotes":""},"categories":[1],"tags":[],"class_list":["post-4472","post","type-post","status-publish","format-standard","hentry","category-noticias"],"acf":[],"_links":{"self":[{"href":"https:\/\/www.ufsm.br\/unidades-universitarias\/cachoeira-do-sul\/wp-json\/wp\/v2\/posts\/4472","targetHints":{"allow":["GET"]}}],"collection":[{"href":"https:\/\/www.ufsm.br\/unidades-universitarias\/cachoeira-do-sul\/wp-json\/wp\/v2\/posts"}],"about":[{"href":"https:\/\/www.ufsm.br\/unidades-universitarias\/cachoeira-do-sul\/wp-json\/wp\/v2\/types\/post"}],"author":[{"embeddable":true,"href":"https:\/\/www.ufsm.br\/unidades-universitarias\/cachoeira-do-sul\/wp-json\/wp\/v2\/users\/293"}],"replies":[{"embeddable":true,"href":"https:\/\/www.ufsm.br\/unidades-universitarias\/cachoeira-do-sul\/wp-json\/wp\/v2\/comments?post=4472"}],"version-history":[{"count":0,"href":"https:\/\/www.ufsm.br\/unidades-universitarias\/cachoeira-do-sul\/wp-json\/wp\/v2\/posts\/4472\/revisions"}],"wp:attachment":[{"href":"https:\/\/www.ufsm.br\/unidades-universitarias\/cachoeira-do-sul\/wp-json\/wp\/v2\/media?parent=4472"}],"wp:term":[{"taxonomy":"category","embeddable":true,"href":"https:\/\/www.ufsm.br\/unidades-universitarias\/cachoeira-do-sul\/wp-json\/wp\/v2\/categories?post=4472"},{"taxonomy":"post_tag","embeddable":true,"href":"https:\/\/www.ufsm.br\/unidades-universitarias\/cachoeira-do-sul\/wp-json\/wp\/v2\/tags?post=4472"}],"curies":[{"name":"wp","href":"https:\/\/api.w.org\/{rel}","templated":true}]}}