{"id":4506,"date":"2023-06-12T11:29:56","date_gmt":"2023-06-12T14:29:56","guid":{"rendered":"https:\/\/www.ufsm.br\/unidades-universitarias\/cachoeira-do-sul\/?p=4506"},"modified":"2023-06-12T11:29:58","modified_gmt":"2023-06-12T14:29:58","slug":"ufsm-cs-recebe-visita-da-sociedade-jacui-de-preservacao-ambiental","status":"publish","type":"post","link":"https:\/\/www.ufsm.br\/unidades-universitarias\/cachoeira-do-sul\/2023\/06\/12\/ufsm-cs-recebe-visita-da-sociedade-jacui-de-preservacao-ambiental","title":{"rendered":"UFSM-CS recebe visita da Sociedade Jacu\u00ed de Preserva\u00e7\u00e3o Ambiental"},"content":{"rendered":"\n<p><a href=\"https:\/\/www.ufsm.br\/app\/uploads\/sites\/376\/2023\/06\/sociedade-jacui.jpeg\"><img fetchpriority=\"high\" decoding=\"async\" class=\" wp-image-4507 alignright\" src=\"https:\/\/www.ufsm.br\/app\/uploads\/sites\/376\/2023\/06\/sociedade-jacui-300x225.jpeg\" alt=\"\" width=\"345\" height=\"259\" srcset=\"https:\/\/www.ufsm.br\/app\/uploads\/sites\/376\/2023\/06\/sociedade-jacui-300x225.jpeg 300w, https:\/\/www.ufsm.br\/app\/uploads\/sites\/376\/2023\/06\/sociedade-jacui-1024x768.jpeg 1024w, https:\/\/www.ufsm.br\/app\/uploads\/sites\/376\/2023\/06\/sociedade-jacui-768x576.jpeg 768w, https:\/\/www.ufsm.br\/app\/uploads\/sites\/376\/2023\/06\/sociedade-jacui-1536x1152.jpeg 1536w, https:\/\/www.ufsm.br\/app\/uploads\/sites\/376\/2023\/06\/sociedade-jacui.jpeg 1600w\" sizes=\"(max-width: 345px) 100vw, 345px\" \/><\/a>Na manh\u00e3 desta segunda-feira, dia 12, o diretor do campus da UFSM em Cachoeira do Sul, Anderson Dal Molin, junto com a coordenadora do curso de Arquitetura e Urbanismo, Min\u00e9ia Scherer, receberam o presidente da Sociedade Jacu\u00ed de Preserva\u00e7\u00e3o Ambiental, Luiz Carlos Emanuelli Vieira, e representantes da associa\u00e7\u00e3o.<\/p>\n<p>O grupo veio ao campus para conversar sobre parcerias, al\u00e9m de apresentar as a\u00e7\u00f5es desenvolvidas pela Sociedade. Ap\u00f3s a conversa, ficou definido que ser\u00e1 realizado um acordo de coopera\u00e7\u00e3o para desenvolver a\u00e7\u00f5es de preserva\u00e7\u00e3o do rio Jacu\u00ed e projetos de ocupa\u00e7\u00e3o dos espa\u00e7os da orla do rio.<\/p>\n<p>\u00a0<\/p>\n","protected":false},"excerpt":{"rendered":"<p>Na manh\u00e3 desta segunda-feira, dia 12, o diretor do campus da UFSM em Cachoeira do Sul, Anderson Dal Molin, junto com a coordenadora do curso de Arquitetura e Urbanismo, Min\u00e9ia Scherer, receberam o presidente da Sociedade Jacu\u00ed de Preserva\u00e7\u00e3o Ambiental, Luiz Carlos Emanuelli Vieira, e representantes da associa\u00e7\u00e3o. O grupo veio ao campus para conversar [&hellip;]<\/p>\n","protected":false},"author":293,"featured_media":0,"comment_status":"closed","ping_status":"closed","sticky":false,"template":"","format":"standard","meta":{"footnotes":""},"categories":[1],"tags":[],"class_list":["post-4506","post","type-post","status-publish","format-standard","hentry","category-noticias"],"acf":[],"_links":{"self":[{"href":"https:\/\/www.ufsm.br\/unidades-universitarias\/cachoeira-do-sul\/wp-json\/wp\/v2\/posts\/4506","targetHints":{"allow":["GET"]}}],"collection":[{"href":"https:\/\/www.ufsm.br\/unidades-universitarias\/cachoeira-do-sul\/wp-json\/wp\/v2\/posts"}],"about":[{"href":"https:\/\/www.ufsm.br\/unidades-universitarias\/cachoeira-do-sul\/wp-json\/wp\/v2\/types\/post"}],"author":[{"embeddable":true,"href":"https:\/\/www.ufsm.br\/unidades-universitarias\/cachoeira-do-sul\/wp-json\/wp\/v2\/users\/293"}],"replies":[{"embeddable":true,"href":"https:\/\/www.ufsm.br\/unidades-universitarias\/cachoeira-do-sul\/wp-json\/wp\/v2\/comments?post=4506"}],"version-history":[{"count":0,"href":"https:\/\/www.ufsm.br\/unidades-universitarias\/cachoeira-do-sul\/wp-json\/wp\/v2\/posts\/4506\/revisions"}],"wp:attachment":[{"href":"https:\/\/www.ufsm.br\/unidades-universitarias\/cachoeira-do-sul\/wp-json\/wp\/v2\/media?parent=4506"}],"wp:term":[{"taxonomy":"category","embeddable":true,"href":"https:\/\/www.ufsm.br\/unidades-universitarias\/cachoeira-do-sul\/wp-json\/wp\/v2\/categories?post=4506"},{"taxonomy":"post_tag","embeddable":true,"href":"https:\/\/www.ufsm.br\/unidades-universitarias\/cachoeira-do-sul\/wp-json\/wp\/v2\/tags?post=4506"}],"curies":[{"name":"wp","href":"https:\/\/api.w.org\/{rel}","templated":true}]}}