{"id":4524,"date":"2023-06-15T11:50:01","date_gmt":"2023-06-15T14:50:01","guid":{"rendered":"https:\/\/www.ufsm.br\/unidades-universitarias\/cachoeira-do-sul\/?p=4524"},"modified":"2023-06-15T11:50:02","modified_gmt":"2023-06-15T14:50:02","slug":"professores-apresentam-projeto-sobre-poluicao-do-ar-em-cachoeira-do-sul-e-discutem-restauracao-do-programa-vigiar","status":"publish","type":"post","link":"https:\/\/www.ufsm.br\/unidades-universitarias\/cachoeira-do-sul\/2023\/06\/15\/professores-apresentam-projeto-sobre-poluicao-do-ar-em-cachoeira-do-sul-e-discutem-restauracao-do-programa-vigiar","title":{"rendered":"Professores apresentam projeto sobre polui\u00e7\u00e3o do ar em Cachoeira do Sul e discutem restaura\u00e7\u00e3o do Programa VIGIAR"},"content":{"rendered":"\n<p><a href=\"https:\/\/www.ufsm.br\/app\/uploads\/sites\/376\/2023\/06\/20230606_104835.jpg\"><img fetchpriority=\"high\" decoding=\"async\" class=\"size-medium wp-image-4526 alignleft\" src=\"https:\/\/www.ufsm.br\/app\/uploads\/sites\/376\/2023\/06\/20230606_104835-300x169.jpg\" alt=\"\" width=\"300\" height=\"169\" srcset=\"https:\/\/www.ufsm.br\/app\/uploads\/sites\/376\/2023\/06\/20230606_104835-300x169.jpg 300w, https:\/\/www.ufsm.br\/app\/uploads\/sites\/376\/2023\/06\/20230606_104835-1024x577.jpg 1024w, https:\/\/www.ufsm.br\/app\/uploads\/sites\/376\/2023\/06\/20230606_104835-768x432.jpg 768w, https:\/\/www.ufsm.br\/app\/uploads\/sites\/376\/2023\/06\/20230606_104835-1536x865.jpg 1536w, https:\/\/www.ufsm.br\/app\/uploads\/sites\/376\/2023\/06\/20230606_104835.jpg 1920w\" sizes=\"(max-width: 300px) 100vw, 300px\" \/><\/a>Em reuni\u00e3o realizada no \u00faltimo dia 06, no campus da UFSM em Cachoeira do Sul, os professores Flavio Manoel Rodrigues da Silva J\u00fanior (FURG) e Mariana Vieira Coronas (UFSM) apresentaram o projeto &#8220;Polui\u00e7\u00e3o do Ar em Munic\u00edpios Ga\u00fachos de Pequeno e M\u00e9dio Porte&#8221;, com foco nas informa\u00e7\u00f5es coletadas especificamente para o munic\u00edpio de Cachoeira do Sul-RS. Al\u00e9m disso, foi feito um breve hist\u00f3rico do Programa VIGIAR.<br \/><a href=\"https:\/\/www.ufsm.br\/app\/uploads\/sites\/376\/2023\/06\/20230606_085455.jpg\"><img decoding=\"async\" class=\"size-medium wp-image-4527 alignright\" src=\"https:\/\/www.ufsm.br\/app\/uploads\/sites\/376\/2023\/06\/20230606_085455-300x169.jpg\" alt=\"\" width=\"300\" height=\"169\" srcset=\"https:\/\/www.ufsm.br\/app\/uploads\/sites\/376\/2023\/06\/20230606_085455-300x169.jpg 300w, https:\/\/www.ufsm.br\/app\/uploads\/sites\/376\/2023\/06\/20230606_085455-1024x577.jpg 1024w, https:\/\/www.ufsm.br\/app\/uploads\/sites\/376\/2023\/06\/20230606_085455-768x432.jpg 768w, https:\/\/www.ufsm.br\/app\/uploads\/sites\/376\/2023\/06\/20230606_085455-1536x865.jpg 1536w, https:\/\/www.ufsm.br\/app\/uploads\/sites\/376\/2023\/06\/20230606_085455.jpg 1920w\" sizes=\"(max-width: 300px) 100vw, 300px\" \/><\/a><br \/>Os professores Flavio e Mariana apresentaram dados e an\u00e1lises relevantes sobre a qualidade do ar em Cachoeira do Sul. A exposi\u00e7\u00e3o despertou a aten\u00e7\u00e3o dos participantes da reuni\u00e3o para a import\u00e2ncia da tem\u00e1tica e gerou debates acerca da restaura\u00e7\u00e3o do Programa VIGIAR no \u00e2mbito municipal. Durante a reuni\u00e3o, os profissionais da 8\u00aa Coordenadoria de Sa\u00fade compartilharam informa\u00e7\u00f5es obtidas junto \u00e0 CEVS-RS, agregando conhecimentos e fortalecendo a discuss\u00e3o. A Secretaria Municipal de Sa\u00fade tamb\u00e9m contribuiu para o encontro, apresentando um relato hist\u00f3rico do Programa VIGIAR em Cachoeira do Sul.<a href=\"https:\/\/www.ufsm.br\/app\/uploads\/sites\/376\/2023\/06\/20230606_085427.jpg\"><img decoding=\"async\" class=\"size-medium wp-image-4525 alignleft\" src=\"https:\/\/www.ufsm.br\/app\/uploads\/sites\/376\/2023\/06\/20230606_085427-300x169.jpg\" alt=\"\" width=\"300\" height=\"169\" srcset=\"https:\/\/www.ufsm.br\/app\/uploads\/sites\/376\/2023\/06\/20230606_085427-300x169.jpg 300w, https:\/\/www.ufsm.br\/app\/uploads\/sites\/376\/2023\/06\/20230606_085427-1024x576.jpg 1024w, https:\/\/www.ufsm.br\/app\/uploads\/sites\/376\/2023\/06\/20230606_085427-768x432.jpg 768w, https:\/\/www.ufsm.br\/app\/uploads\/sites\/376\/2023\/06\/20230606_085427-1536x864.jpg 1536w, https:\/\/www.ufsm.br\/app\/uploads\/sites\/376\/2023\/06\/20230606_085427.jpg 1920w\" sizes=\"(max-width: 300px) 100vw, 300px\" \/><\/a><br \/><br \/>Diversas necessidades foram levantadas pelos participantes, destacando a import\u00e2ncia de buscar informa\u00e7\u00f5es adicionais para dar continuidade ao tema. A reativa\u00e7\u00e3o do Programa VIGIAR em n\u00edvel municipal foi um dos pontos destacados, visando a implementa\u00e7\u00e3o de medidas efetivas para monitorar e combater a polui\u00e7\u00e3o do ar, promovendo a sa\u00fade e o bem-estar da popula\u00e7\u00e3o cachoeirense.<\/p>\n","protected":false},"excerpt":{"rendered":"<p>Reuni\u00e3o destaca import\u00e2ncia da tem\u00e1tica e busca reativa\u00e7\u00e3o do programa em n\u00edvel municipal<\/p>\n","protected":false},"author":293,"featured_media":0,"comment_status":"closed","ping_status":"closed","sticky":false,"template":"","format":"standard","meta":{"footnotes":""},"categories":[1],"tags":[],"class_list":["post-4524","post","type-post","status-publish","format-standard","hentry","category-noticias"],"acf":[],"_links":{"self":[{"href":"https:\/\/www.ufsm.br\/unidades-universitarias\/cachoeira-do-sul\/wp-json\/wp\/v2\/posts\/4524","targetHints":{"allow":["GET"]}}],"collection":[{"href":"https:\/\/www.ufsm.br\/unidades-universitarias\/cachoeira-do-sul\/wp-json\/wp\/v2\/posts"}],"about":[{"href":"https:\/\/www.ufsm.br\/unidades-universitarias\/cachoeira-do-sul\/wp-json\/wp\/v2\/types\/post"}],"author":[{"embeddable":true,"href":"https:\/\/www.ufsm.br\/unidades-universitarias\/cachoeira-do-sul\/wp-json\/wp\/v2\/users\/293"}],"replies":[{"embeddable":true,"href":"https:\/\/www.ufsm.br\/unidades-universitarias\/cachoeira-do-sul\/wp-json\/wp\/v2\/comments?post=4524"}],"version-history":[{"count":0,"href":"https:\/\/www.ufsm.br\/unidades-universitarias\/cachoeira-do-sul\/wp-json\/wp\/v2\/posts\/4524\/revisions"}],"wp:attachment":[{"href":"https:\/\/www.ufsm.br\/unidades-universitarias\/cachoeira-do-sul\/wp-json\/wp\/v2\/media?parent=4524"}],"wp:term":[{"taxonomy":"category","embeddable":true,"href":"https:\/\/www.ufsm.br\/unidades-universitarias\/cachoeira-do-sul\/wp-json\/wp\/v2\/categories?post=4524"},{"taxonomy":"post_tag","embeddable":true,"href":"https:\/\/www.ufsm.br\/unidades-universitarias\/cachoeira-do-sul\/wp-json\/wp\/v2\/tags?post=4524"}],"curies":[{"name":"wp","href":"https:\/\/api.w.org\/{rel}","templated":true}]}}