{"id":4528,"date":"2023-06-16T20:04:31","date_gmt":"2023-06-16T23:04:31","guid":{"rendered":"https:\/\/www.ufsm.br\/unidades-universitarias\/cachoeira-do-sul\/?p=4528"},"modified":"2023-06-16T20:05:15","modified_gmt":"2023-06-16T23:05:15","slug":"solicitacao-da-ufsm-ao-daer-se-torna-projeto","status":"publish","type":"post","link":"https:\/\/www.ufsm.br\/unidades-universitarias\/cachoeira-do-sul\/2023\/06\/16\/solicitacao-da-ufsm-ao-daer-se-torna-projeto","title":{"rendered":"Solicita\u00e7\u00e3o da UFSM ao Daer se torna projeto"},"content":{"rendered":"\n<p>Na manh\u00e3 da \u00faltima quinta-feira (15), a Dire\u00e7\u00e3o do campus da UFSM em Cachoeira do Sul recebeu a visita de representantes do Daer. O motivo do encontro foi a concretiza\u00e7\u00e3o de um apelo feito pela UFSM: a implementa\u00e7\u00e3o de um projeto baseado em estudo realizado pelo Laborat\u00f3rio de Mobilidade e Log\u00edstica (Lamot) para a revitaliza\u00e7\u00e3o da Estrada da Ferreira.<\/p>\n<figure id=\"attachment_4532\" aria-describedby=\"caption-attachment-4532\" style=\"width: 300px\" class=\"wp-caption alignleft\"><a href=\"https:\/\/www.ufsm.br\/app\/uploads\/sites\/376\/2023\/06\/ufsm-recebe-daer.jpeg\"><img fetchpriority=\"high\" decoding=\"async\" class=\"wp-image-4532 size-medium\" src=\"https:\/\/www.ufsm.br\/app\/uploads\/sites\/376\/2023\/06\/ufsm-recebe-daer-300x225.jpeg\" alt=\"\" width=\"300\" height=\"225\" srcset=\"https:\/\/www.ufsm.br\/app\/uploads\/sites\/376\/2023\/06\/ufsm-recebe-daer-300x225.jpeg 300w, https:\/\/www.ufsm.br\/app\/uploads\/sites\/376\/2023\/06\/ufsm-recebe-daer-768x576.jpeg 768w, https:\/\/www.ufsm.br\/app\/uploads\/sites\/376\/2023\/06\/ufsm-recebe-daer.jpeg 1018w\" sizes=\"(max-width: 300px) 100vw, 300px\" \/><\/a><figcaption id=\"caption-attachment-4532\" class=\"wp-caption-text\">Reuni\u00e3o com Dire\u00e7\u00e3o da UFSM e representantes do Daer<\/figcaption><\/figure>\n<p>No encontro, al\u00e9m do diretor do campus, Anderson Dal Molin, e do vice-diretor, Giovani Zabot, tamb\u00e9m estiveram presentes o superintendente Jo\u00e3o Batista Rosa de Almeida, da 10\u00aa Superintend\u00eancia Regional do Daer; Laura Luiza Gomes Carlessi, Lourdes Moraes Marques e Edson da Silva da ATE\/Daer; e os engenheiros Luiz Carlos Becker e Renan Chaves, da Magna Engenharia.<\/p>\n<p>O estudo realizado na UFSM-CS foi entregue ao Daer em janeiro deste ano, durante uma reuni\u00e3o em Porto Alegre sobre o acesso ao campus de Cachoeira do Sul. Na oportunidade, o diretor da UFSM-CS solicitou o apoio do Daer para concretizar esta demanda que n\u00e3o \u00e9 s\u00f3 da Universidade, mas tamb\u00e9m da comunidade cachoeirense. O estudo prev\u00ea a execu\u00e7\u00e3o de acostamento, ciclovia, cal\u00e7adas e ilumina\u00e7\u00e3o, desde a r\u00f3tula do Clube Comercial at\u00e9 o Aeroclube.<\/p>\n<figure id=\"attachment_4530\" aria-describedby=\"caption-attachment-4530\" style=\"width: 555px\" class=\"wp-caption aligncenter\"><a href=\"https:\/\/www.ufsm.br\/app\/uploads\/sites\/376\/2023\/06\/estudo-estrada-da-ferreira.jpg\"><img decoding=\"async\" class=\"wp-image-4530\" src=\"https:\/\/www.ufsm.br\/app\/uploads\/sites\/376\/2023\/06\/estudo-estrada-da-ferreira-300x192.jpg\" alt=\"\" width=\"555\" height=\"355\" srcset=\"https:\/\/www.ufsm.br\/app\/uploads\/sites\/376\/2023\/06\/estudo-estrada-da-ferreira-300x192.jpg 300w, https:\/\/www.ufsm.br\/app\/uploads\/sites\/376\/2023\/06\/estudo-estrada-da-ferreira-1024x655.jpg 1024w, https:\/\/www.ufsm.br\/app\/uploads\/sites\/376\/2023\/06\/estudo-estrada-da-ferreira-768x491.jpg 768w, https:\/\/www.ufsm.br\/app\/uploads\/sites\/376\/2023\/06\/estudo-estrada-da-ferreira.jpg 1181w\" sizes=\"(max-width: 555px) 100vw, 555px\" \/><\/a><figcaption id=\"caption-attachment-4530\" class=\"wp-caption-text\">Imagem retirada do estudo realizado pelo Lamot<\/figcaption><\/figure>\n<p>\u00a0<\/p>\n<p>\u00a0<\/p>\n","protected":false},"excerpt":{"rendered":"<p>Estudo para revitaliza\u00e7\u00e3o da Estrada da Ferreira feito pelo Lamot foi entregue ao Daer em reuni\u00e3o no in\u00edcio do ano<\/p>\n","protected":false},"author":293,"featured_media":4529,"comment_status":"closed","ping_status":"closed","sticky":false,"template":"","format":"standard","meta":{"footnotes":""},"categories":[21,1],"tags":[],"class_list":["post-4528","post","type-post","status-publish","format-standard","has-post-thumbnail","hentry","category-banner","category-noticias"],"acf":[],"_links":{"self":[{"href":"https:\/\/www.ufsm.br\/unidades-universitarias\/cachoeira-do-sul\/wp-json\/wp\/v2\/posts\/4528","targetHints":{"allow":["GET"]}}],"collection":[{"href":"https:\/\/www.ufsm.br\/unidades-universitarias\/cachoeira-do-sul\/wp-json\/wp\/v2\/posts"}],"about":[{"href":"https:\/\/www.ufsm.br\/unidades-universitarias\/cachoeira-do-sul\/wp-json\/wp\/v2\/types\/post"}],"author":[{"embeddable":true,"href":"https:\/\/www.ufsm.br\/unidades-universitarias\/cachoeira-do-sul\/wp-json\/wp\/v2\/users\/293"}],"replies":[{"embeddable":true,"href":"https:\/\/www.ufsm.br\/unidades-universitarias\/cachoeira-do-sul\/wp-json\/wp\/v2\/comments?post=4528"}],"version-history":[{"count":0,"href":"https:\/\/www.ufsm.br\/unidades-universitarias\/cachoeira-do-sul\/wp-json\/wp\/v2\/posts\/4528\/revisions"}],"wp:featuredmedia":[{"embeddable":true,"href":"https:\/\/www.ufsm.br\/unidades-universitarias\/cachoeira-do-sul\/wp-json\/wp\/v2\/media\/4529"}],"wp:attachment":[{"href":"https:\/\/www.ufsm.br\/unidades-universitarias\/cachoeira-do-sul\/wp-json\/wp\/v2\/media?parent=4528"}],"wp:term":[{"taxonomy":"category","embeddable":true,"href":"https:\/\/www.ufsm.br\/unidades-universitarias\/cachoeira-do-sul\/wp-json\/wp\/v2\/categories?post=4528"},{"taxonomy":"post_tag","embeddable":true,"href":"https:\/\/www.ufsm.br\/unidades-universitarias\/cachoeira-do-sul\/wp-json\/wp\/v2\/tags?post=4528"}],"curies":[{"name":"wp","href":"https:\/\/api.w.org\/{rel}","templated":true}]}}