{"id":4534,"date":"2023-06-19T09:14:25","date_gmt":"2023-06-19T12:14:25","guid":{"rendered":"https:\/\/www.ufsm.br\/unidades-universitarias\/cachoeira-do-sul\/?p=4534"},"modified":"2023-06-19T09:15:06","modified_gmt":"2023-06-19T12:15:06","slug":"ufsm-cs-participa-de-seminario-sobre-o-meio-ambiente","status":"publish","type":"post","link":"https:\/\/www.ufsm.br\/unidades-universitarias\/cachoeira-do-sul\/2023\/06\/19\/ufsm-cs-participa-de-seminario-sobre-o-meio-ambiente","title":{"rendered":"UFSM-CS participa de Semin\u00e1rio sobre o Meio Ambiente"},"content":{"rendered":"\n<p><a href=\"https:\/\/www.ufsm.br\/app\/uploads\/sites\/376\/2023\/06\/IMG-20230606-WA0030.jpg\"><img fetchpriority=\"high\" decoding=\"async\" class=\"size-medium wp-image-4535 alignleft\" src=\"https:\/\/www.ufsm.br\/app\/uploads\/sites\/376\/2023\/06\/IMG-20230606-WA0030-300x200.jpg\" alt=\"\" width=\"300\" height=\"200\" srcset=\"https:\/\/www.ufsm.br\/app\/uploads\/sites\/376\/2023\/06\/IMG-20230606-WA0030-300x200.jpg 300w, https:\/\/www.ufsm.br\/app\/uploads\/sites\/376\/2023\/06\/IMG-20230606-WA0030-1024x683.jpg 1024w, https:\/\/www.ufsm.br\/app\/uploads\/sites\/376\/2023\/06\/IMG-20230606-WA0030-768x512.jpg 768w, https:\/\/www.ufsm.br\/app\/uploads\/sites\/376\/2023\/06\/IMG-20230606-WA0030-272x182.jpg 272w, https:\/\/www.ufsm.br\/app\/uploads\/sites\/376\/2023\/06\/IMG-20230606-WA0030.jpg 1500w\" sizes=\"(max-width: 300px) 100vw, 300px\" \/><\/a>No dia 05 de junho, a UFSM &#8211; Cachoeira do Sul participou do Semin\u00e1rio sobre o Meio Ambiente que aconteceu no audit\u00f3rio do Sicredi, marcando o Dia do Meio Ambiente. O evento, que contou com a presen\u00e7a de cerca de 100 pessoas, tratou de temas relevantes e atuais ligados \u00e0 tem\u00e1tica do Semin\u00e1rio.<\/p>\n<p><a href=\"https:\/\/www.ufsm.br\/app\/uploads\/sites\/376\/2023\/06\/IMG-20230606-WA0034.jpg\"><img decoding=\"async\" class=\" wp-image-4538 alignright\" src=\"https:\/\/www.ufsm.br\/app\/uploads\/sites\/376\/2023\/06\/IMG-20230606-WA0034-300x200.jpg\" alt=\"\" width=\"423\" height=\"282\" srcset=\"https:\/\/www.ufsm.br\/app\/uploads\/sites\/376\/2023\/06\/IMG-20230606-WA0034-300x200.jpg 300w, https:\/\/www.ufsm.br\/app\/uploads\/sites\/376\/2023\/06\/IMG-20230606-WA0034-1024x683.jpg 1024w, https:\/\/www.ufsm.br\/app\/uploads\/sites\/376\/2023\/06\/IMG-20230606-WA0034-768x512.jpg 768w, https:\/\/www.ufsm.br\/app\/uploads\/sites\/376\/2023\/06\/IMG-20230606-WA0034-272x182.jpg 272w, https:\/\/www.ufsm.br\/app\/uploads\/sites\/376\/2023\/06\/IMG-20230606-WA0034.jpg 1500w\" sizes=\"(max-width: 423px) 100vw, 423px\" \/><\/a>O painel de abertura do evento foi organizado pelo campus da UFSM em Cachoeira do Sul. A professora Mariana Coronas foi a respons\u00e1vel por organizar e mediar a atividades intitulada &#8220;Meio Ambiente na Atualidade&#8221;. Este painel contou com com tr\u00eas palestras: &#8220;Import\u00e2ncia do clima para a produ\u00e7\u00e3o agropecu\u00e1ria&#8221;, ministrada pela professora Zanandra Boff de Oliveira (UFSM-CS); &#8220;Qualidade do ar e os efeitos na sa\u00fade&#8221;, do professor Fl\u00e1vio Rodrigues (FURG) e &#8220;A descarboniza\u00e7\u00e3o do sistema el\u00e9trico&#8221;, conduzida pelo professor Paulo C\u00e9sar Vargas Luz (UFSM-CS).<\/p>\n<p>Mesmo abordando t\u00f3picos bem distintos, o fio condutor das palestras foram quest\u00f5es fundamentais relacionadas ao meio ambiente e sua relev\u00e2ncia e desafios em nossa sociedade. O p\u00fablico presente teve a oportunidade de questionar os palestrantes e debater os temas.<\/p>\n","protected":false},"excerpt":{"rendered":"<p>No dia 05 de junho, a UFSM &#8211; Cachoeira do Sul participou do Semin\u00e1rio sobre o Meio Ambiente que aconteceu no audit\u00f3rio do Sicredi, marcando o Dia do Meio Ambiente. O evento, que contou com a presen\u00e7a de cerca de 100 pessoas, tratou de temas relevantes e atuais ligados \u00e0 tem\u00e1tica do Semin\u00e1rio. O painel [&hellip;]<\/p>\n","protected":false},"author":293,"featured_media":0,"comment_status":"closed","ping_status":"closed","sticky":false,"template":"","format":"standard","meta":{"footnotes":""},"categories":[1],"tags":[],"class_list":["post-4534","post","type-post","status-publish","format-standard","hentry","category-noticias"],"acf":[],"_links":{"self":[{"href":"https:\/\/www.ufsm.br\/unidades-universitarias\/cachoeira-do-sul\/wp-json\/wp\/v2\/posts\/4534","targetHints":{"allow":["GET"]}}],"collection":[{"href":"https:\/\/www.ufsm.br\/unidades-universitarias\/cachoeira-do-sul\/wp-json\/wp\/v2\/posts"}],"about":[{"href":"https:\/\/www.ufsm.br\/unidades-universitarias\/cachoeira-do-sul\/wp-json\/wp\/v2\/types\/post"}],"author":[{"embeddable":true,"href":"https:\/\/www.ufsm.br\/unidades-universitarias\/cachoeira-do-sul\/wp-json\/wp\/v2\/users\/293"}],"replies":[{"embeddable":true,"href":"https:\/\/www.ufsm.br\/unidades-universitarias\/cachoeira-do-sul\/wp-json\/wp\/v2\/comments?post=4534"}],"version-history":[{"count":0,"href":"https:\/\/www.ufsm.br\/unidades-universitarias\/cachoeira-do-sul\/wp-json\/wp\/v2\/posts\/4534\/revisions"}],"wp:attachment":[{"href":"https:\/\/www.ufsm.br\/unidades-universitarias\/cachoeira-do-sul\/wp-json\/wp\/v2\/media?parent=4534"}],"wp:term":[{"taxonomy":"category","embeddable":true,"href":"https:\/\/www.ufsm.br\/unidades-universitarias\/cachoeira-do-sul\/wp-json\/wp\/v2\/categories?post=4534"},{"taxonomy":"post_tag","embeddable":true,"href":"https:\/\/www.ufsm.br\/unidades-universitarias\/cachoeira-do-sul\/wp-json\/wp\/v2\/tags?post=4534"}],"curies":[{"name":"wp","href":"https:\/\/api.w.org\/{rel}","templated":true}]}}