{"id":4540,"date":"2023-06-20T10:36:17","date_gmt":"2023-06-20T13:36:17","guid":{"rendered":"https:\/\/www.ufsm.br\/unidades-universitarias\/cachoeira-do-sul\/?p=4540"},"modified":"2023-06-20T10:36:19","modified_gmt":"2023-06-20T13:36:19","slug":"ufsm-recebe-premios-de-originalidade-e-viabilidade-no-inova-cachoeira","status":"publish","type":"post","link":"https:\/\/www.ufsm.br\/unidades-universitarias\/cachoeira-do-sul\/2023\/06\/20\/ufsm-recebe-premios-de-originalidade-e-viabilidade-no-inova-cachoeira","title":{"rendered":"UFSM recebe pr\u00eamios de Originalidade e Viabilidade no Inova Cachoeira"},"content":{"rendered":"\n<figure id=\"attachment_4541\" aria-describedby=\"caption-attachment-4541\" style=\"width: 300px\" class=\"wp-caption alignright\"><a href=\"https:\/\/www.ufsm.br\/app\/uploads\/sites\/376\/2023\/06\/WhatsApp-Image-2023-06-15-at-19.44.48.jpeg\"><img fetchpriority=\"high\" decoding=\"async\" class=\"wp-image-4541 size-medium\" src=\"https:\/\/www.ufsm.br\/app\/uploads\/sites\/376\/2023\/06\/WhatsApp-Image-2023-06-15-at-19.44.48-300x225.jpeg\" alt=\"\" width=\"300\" height=\"225\" srcset=\"https:\/\/www.ufsm.br\/app\/uploads\/sites\/376\/2023\/06\/WhatsApp-Image-2023-06-15-at-19.44.48-300x225.jpeg 300w, https:\/\/www.ufsm.br\/app\/uploads\/sites\/376\/2023\/06\/WhatsApp-Image-2023-06-15-at-19.44.48-768x576.jpeg 768w, https:\/\/www.ufsm.br\/app\/uploads\/sites\/376\/2023\/06\/WhatsApp-Image-2023-06-15-at-19.44.48.jpeg 1024w\" sizes=\"(max-width: 300px) 100vw, 300px\" \/><\/a><figcaption id=\"caption-attachment-4541\" class=\"wp-caption-text\">Professores Felipe Caleffi, Simone Venturini e Charles Rech com as suas premia\u00e7\u00f5es.<\/figcaption><\/figure>\n<p align=\"left\"><span style=\"color: #000000\"><span style=\"font-family: apple-system, BlinkMacSystemFont, Segoe UI, Roboto, Helvetica, Arial, sans-serif\"><span style=\"font-size: small\">N<\/span><\/span><\/span><span style=\"color: #000000\"><span style=\"font-family: apple-system, BlinkMacSystemFont, Segoe UI, Roboto, Helvetica, Arial, sans-serif\"><span style=\"font-size: small\">os dias 13 e 14 de junho, <\/span><\/span><\/span><span style=\"color: #000000\"><span style=\"font-family: apple-system, BlinkMacSystemFont, Segoe UI, Roboto, Helvetica, Arial, sans-serif\"><span style=\"font-size: small\">dentro da programa\u00e7\u00e3o da <\/span><\/span><\/span><span style=\"color: #000000\"><span style=\"font-family: apple-system, BlinkMacSystemFont, Segoe UI, Roboto, Helvetica, Arial, sans-serif\"><span style=\"font-size: small\">Semana de Inova\u00e7\u00e3o 2023, foi realizado o Sal\u00e3o de Inova\u00e7\u00e3o, <\/span><\/span><\/span><span style=\"color: #000000\"><span style=\"font-family: apple-system, BlinkMacSystemFont, Segoe UI, Roboto, Helvetica, Arial, sans-serif\"><span style=\"font-size: small\">uma <\/span><\/span><\/span><span style=\"color: #000000\"><span style=\"font-family: apple-system, BlinkMacSystemFont, Segoe UI, Roboto, Helvetica, Arial, sans-serif\"><span style=\"font-size: small\">oportunidade para universidades, escolas e empresas <\/span><\/span><\/span><span style=\"color: #000000\"><span style=\"font-family: apple-system, BlinkMacSystemFont, Segoe UI, Roboto, Helvetica, Arial, sans-serif\"><span style=\"font-size: small\">mostrarem projetos que est\u00e3o desenvolvendo <\/span><\/span><\/span><span style=\"color: #000000\"><span style=\"font-family: apple-system, BlinkMacSystemFont, Segoe UI, Roboto, Helvetica, Arial, sans-serif\"><span style=\"font-size: small\">e que estejam<\/span><\/span><\/span> <span style=\"color: #000000\"><span style=\"font-family: apple-system, BlinkMacSystemFont, Segoe UI, Roboto, Helvetica, Arial, sans-serif\"><span style=\"font-size: small\">comprometidos com o futuro<\/span><\/span><\/span><span style=\"color: #000000\"><span style=\"font-family: apple-system, BlinkMacSystemFont, Segoe UI, Roboto, Helvetica, Arial, sans-serif\"><span style=\"font-size: small\">. <\/span><\/span><\/span><span style=\"color: #000000\"><span style=\"font-family: apple-system, BlinkMacSystemFont, Segoe UI, Roboto, Helvetica, Arial, sans-serif\"><span style=\"font-size: small\">J\u00e1 em sua 5\u00aa edi\u00e7\u00e3o, o evento \u00e9 realizado por diversas entidades do Munic\u00edpio e tem como objetivo principal incentivar e reconhecer as ideias inovadoras.<\/span><\/span><\/span><\/p>\n<p align=\"left\"><span style=\"color: #000000\"><span style=\"font-family: apple-system, BlinkMacSystemFont, Segoe UI, Roboto, Helvetica, Arial, sans-serif\"><span style=\"font-size: small\">Ao todo, 13 projetos que est\u00e3o sendo desenvolvidos no campus da UFSM em Cachoeira do Sul foram selecionados para participar do evento. Destes, dois receberam as premia\u00e7\u00f5es m\u00e1ximas da mostra na categoria Acad\u00eamicos. O projeto \u201cProduto Tecnol\u00f3gico\u201d, coordenado pelo professor Charles Rech, recebeu o pr\u00eamio de Originalidade. J\u00e1 o projeto \u201cN\u00facleo de Ve\u00edculos Aut\u00f4nomos (NVA)\u201d, coordenado pelo professor Felipe Caleffi, recebeu o pr\u00eamio de Viabilidade.<\/span><\/span><\/span><\/p>\n","protected":false},"excerpt":{"rendered":"<p>Nos dias 13 e 14 de junho, dentro da programa\u00e7\u00e3o da Semana de Inova\u00e7\u00e3o 2023, foi realizado o Sal\u00e3o de Inova\u00e7\u00e3o, uma oportunidade para universidades, escolas e empresas mostrarem projetos que est\u00e3o desenvolvendo e que estejam comprometidos com o futuro. J\u00e1 em sua 5\u00aa edi\u00e7\u00e3o, o evento \u00e9 realizado por diversas entidades do Munic\u00edpio e [&hellip;]<\/p>\n","protected":false},"author":293,"featured_media":4545,"comment_status":"closed","ping_status":"closed","sticky":false,"template":"","format":"standard","meta":{"footnotes":""},"categories":[21,1],"tags":[],"class_list":["post-4540","post","type-post","status-publish","format-standard","has-post-thumbnail","hentry","category-banner","category-noticias"],"acf":[],"_links":{"self":[{"href":"https:\/\/www.ufsm.br\/unidades-universitarias\/cachoeira-do-sul\/wp-json\/wp\/v2\/posts\/4540","targetHints":{"allow":["GET"]}}],"collection":[{"href":"https:\/\/www.ufsm.br\/unidades-universitarias\/cachoeira-do-sul\/wp-json\/wp\/v2\/posts"}],"about":[{"href":"https:\/\/www.ufsm.br\/unidades-universitarias\/cachoeira-do-sul\/wp-json\/wp\/v2\/types\/post"}],"author":[{"embeddable":true,"href":"https:\/\/www.ufsm.br\/unidades-universitarias\/cachoeira-do-sul\/wp-json\/wp\/v2\/users\/293"}],"replies":[{"embeddable":true,"href":"https:\/\/www.ufsm.br\/unidades-universitarias\/cachoeira-do-sul\/wp-json\/wp\/v2\/comments?post=4540"}],"version-history":[{"count":0,"href":"https:\/\/www.ufsm.br\/unidades-universitarias\/cachoeira-do-sul\/wp-json\/wp\/v2\/posts\/4540\/revisions"}],"wp:featuredmedia":[{"embeddable":true,"href":"https:\/\/www.ufsm.br\/unidades-universitarias\/cachoeira-do-sul\/wp-json\/wp\/v2\/media\/4545"}],"wp:attachment":[{"href":"https:\/\/www.ufsm.br\/unidades-universitarias\/cachoeira-do-sul\/wp-json\/wp\/v2\/media?parent=4540"}],"wp:term":[{"taxonomy":"category","embeddable":true,"href":"https:\/\/www.ufsm.br\/unidades-universitarias\/cachoeira-do-sul\/wp-json\/wp\/v2\/categories?post=4540"},{"taxonomy":"post_tag","embeddable":true,"href":"https:\/\/www.ufsm.br\/unidades-universitarias\/cachoeira-do-sul\/wp-json\/wp\/v2\/tags?post=4540"}],"curies":[{"name":"wp","href":"https:\/\/api.w.org\/{rel}","templated":true}]}}