{"id":4562,"date":"2023-06-26T14:34:08","date_gmt":"2023-06-26T17:34:08","guid":{"rendered":"https:\/\/www.ufsm.br\/unidades-universitarias\/cachoeira-do-sul\/?p=4562"},"modified":"2023-06-26T14:34:09","modified_gmt":"2023-06-26T17:34:09","slug":"inscricoes-abertas-para-ingresso-e-reingresso-em-cursos-presenciais-de-graduacao-na-ufsm-em-cachoeira-do-sul","status":"publish","type":"post","link":"https:\/\/www.ufsm.br\/unidades-universitarias\/cachoeira-do-sul\/2023\/06\/26\/inscricoes-abertas-para-ingresso-e-reingresso-em-cursos-presenciais-de-graduacao-na-ufsm-em-cachoeira-do-sul","title":{"rendered":"Inscri\u00e7\u00f5es abertas para ingresso e reingresso em cursos presenciais de gradua\u00e7\u00e3o na UFSM em Cachoeira do Sul"},"content":{"rendered":"\n<p>A Pr\u00f3-Reitoria de Gradua\u00e7\u00e3o da UFSM informa que est\u00e3o abertas as\u00a0<a href=\"https:\/\/www.ufsm.br\/app\/uploads\/sites\/342\/2023\/06\/edital-061.pdf\">inscri\u00e7\u00f5es para sele\u00e7\u00e3o por Ingresso\/Reingresso <\/a>em cursos de gradua\u00e7\u00e3o presenciais, com in\u00edcio no segundo semestre de 2023. O per\u00edodo para inscri\u00e7\u00f5es e envio de documentos \u00e9 de 23 de junho a 06 de julho de 2023.<\/p>\n<p>Neste edital, todos os cursos de gradua\u00e7\u00e3o do campus da UFSM em Cachoeira do Sul ofertam vagas. As oportunidades s\u00e3o para os curso de Arquitetura e Urbanismo, Engenharia Agr\u00edcola, Engenharia El\u00e9trica, Engenharia Mec\u00e2nica e Engenharia de Transportes e Log\u00edstica. As modalidade de ingresso no formato Ingresso\/Reingresso s\u00e3o:<\/p>\n<p><strong>REINGRESSO<\/strong>: para candidatos que tenham abandonado ou cancelado algum curso de gradua\u00e7\u00e3o da UFSM e pretendam reingressar no mesmo curso previamente abandonado\/cancelado.<\/p>\n<p><strong>TRANSFER\u00caNCIA INTERNA<\/strong>: para candidatos regularmente matriculados ou com trancamento total do semestre em curso de gradua\u00e7\u00e3o da UFSM de qualquer campi, que pretendam trocar para outro curso de gradua\u00e7\u00e3o da UFSM.<\/p>\n<p><strong>TRANSFER\u00caNCIA EXTERNA<\/strong>: para candidatos regularmente matriculados ou com trancamento total em curso de gradua\u00e7\u00e3o de outra Institui\u00e7\u00e3o de Ensino Superior, que pretendam ser transferidos para a UFSM.<\/p>\n<p><strong>PORTADOR DE DIPLOMA<\/strong>: para candidatos diplomados em Cursos de gradua\u00e7\u00e3o reconhecidos nacionalmente.<\/p>\n<p><strong>REINGRESSO COM TRANSFER\u00caNCIA INTERNA<\/strong>: para candidatos que tenham abandonado ou cancelado algum curso de gradua\u00e7\u00e3o da UFSM e pretendam retornar \u00e0 Universidade em Curso diferente daquele abandonado\/cancelado.<\/p>\n<p>Confira as vagas dispon\u00edveis, prazos e regulamentos espec\u00edficos na p\u00e1gina do <a href=\"https:\/\/www.ufsm.br\/pro-reitorias\/prograd\/editais\/061-2023\">Edital 061\/2023.<\/a><\/p>\n","protected":false},"excerpt":{"rendered":"<p>A Pr\u00f3-Reitoria de Gradua\u00e7\u00e3o da UFSM informa que est\u00e3o abertas as\u00a0inscri\u00e7\u00f5es para sele\u00e7\u00e3o por Ingresso\/Reingresso em cursos de gradua\u00e7\u00e3o presenciais, com in\u00edcio no segundo semestre de 2023. O per\u00edodo para inscri\u00e7\u00f5es e envio de documentos \u00e9 de 23 de junho a 06 de julho de 2023. Neste edital, todos os cursos de gradua\u00e7\u00e3o do campus [&hellip;]<\/p>\n","protected":false},"author":293,"featured_media":0,"comment_status":"closed","ping_status":"closed","sticky":false,"template":"","format":"standard","meta":{"footnotes":""},"categories":[1],"tags":[],"class_list":["post-4562","post","type-post","status-publish","format-standard","hentry","category-noticias"],"acf":[],"_links":{"self":[{"href":"https:\/\/www.ufsm.br\/unidades-universitarias\/cachoeira-do-sul\/wp-json\/wp\/v2\/posts\/4562","targetHints":{"allow":["GET"]}}],"collection":[{"href":"https:\/\/www.ufsm.br\/unidades-universitarias\/cachoeira-do-sul\/wp-json\/wp\/v2\/posts"}],"about":[{"href":"https:\/\/www.ufsm.br\/unidades-universitarias\/cachoeira-do-sul\/wp-json\/wp\/v2\/types\/post"}],"author":[{"embeddable":true,"href":"https:\/\/www.ufsm.br\/unidades-universitarias\/cachoeira-do-sul\/wp-json\/wp\/v2\/users\/293"}],"replies":[{"embeddable":true,"href":"https:\/\/www.ufsm.br\/unidades-universitarias\/cachoeira-do-sul\/wp-json\/wp\/v2\/comments?post=4562"}],"version-history":[{"count":0,"href":"https:\/\/www.ufsm.br\/unidades-universitarias\/cachoeira-do-sul\/wp-json\/wp\/v2\/posts\/4562\/revisions"}],"wp:attachment":[{"href":"https:\/\/www.ufsm.br\/unidades-universitarias\/cachoeira-do-sul\/wp-json\/wp\/v2\/media?parent=4562"}],"wp:term":[{"taxonomy":"category","embeddable":true,"href":"https:\/\/www.ufsm.br\/unidades-universitarias\/cachoeira-do-sul\/wp-json\/wp\/v2\/categories?post=4562"},{"taxonomy":"post_tag","embeddable":true,"href":"https:\/\/www.ufsm.br\/unidades-universitarias\/cachoeira-do-sul\/wp-json\/wp\/v2\/tags?post=4562"}],"curies":[{"name":"wp","href":"https:\/\/api.w.org\/{rel}","templated":true}]}}