{"id":4570,"date":"2023-07-12T16:26:12","date_gmt":"2023-07-12T19:26:12","guid":{"rendered":"https:\/\/www.ufsm.br\/unidades-universitarias\/cachoeira-do-sul\/?p=4570"},"modified":"2023-07-12T16:27:06","modified_gmt":"2023-07-12T19:27:06","slug":"laboratorio-da-ufsm-entrega-plano-de-mobilidade-urbana-a-cidade-de-palmeira-das-missoes","status":"publish","type":"post","link":"https:\/\/www.ufsm.br\/unidades-universitarias\/cachoeira-do-sul\/2023\/07\/12\/laboratorio-da-ufsm-entrega-plano-de-mobilidade-urbana-a-cidade-de-palmeira-das-missoes","title":{"rendered":"Laborat\u00f3rio da UFSM entrega Plano de Mobilidade Urbana \u00e0 cidade de Palmeira das Miss\u00f5es"},"content":{"rendered":"\n<p><a href=\"https:\/\/www.ufsm.br\/app\/uploads\/sites\/376\/2023\/07\/WhatsApp-Image-2023-07-12-at-16.02.27.jpeg\"><img fetchpriority=\"high\" decoding=\"async\" class=\"size-medium wp-image-4574 alignleft\" src=\"https:\/\/www.ufsm.br\/app\/uploads\/sites\/376\/2023\/07\/WhatsApp-Image-2023-07-12-at-16.02.27-300x290.jpeg\" alt=\"\" width=\"300\" height=\"290\" srcset=\"https:\/\/www.ufsm.br\/app\/uploads\/sites\/376\/2023\/07\/WhatsApp-Image-2023-07-12-at-16.02.27-300x290.jpeg 300w, https:\/\/www.ufsm.br\/app\/uploads\/sites\/376\/2023\/07\/WhatsApp-Image-2023-07-12-at-16.02.27-1024x989.jpeg 1024w, https:\/\/www.ufsm.br\/app\/uploads\/sites\/376\/2023\/07\/WhatsApp-Image-2023-07-12-at-16.02.27-768x742.jpeg 768w, https:\/\/www.ufsm.br\/app\/uploads\/sites\/376\/2023\/07\/WhatsApp-Image-2023-07-12-at-16.02.27-1536x1484.jpeg 1536w, https:\/\/www.ufsm.br\/app\/uploads\/sites\/376\/2023\/07\/WhatsApp-Image-2023-07-12-at-16.02.27.jpeg 1600w\" sizes=\"(max-width: 300px) 100vw, 300px\" \/><\/a>O Laborat\u00f3rio de Mobilidade e Log\u00edstica (LAMOT) da UFSM participou na \u00faltima sexta-feira, 07 de julho, da entrega oficial do Plano de Mobilidade Urbana de Palmeira das Miss\u00f5es aos chefes e membros de executivo e legislativo municipal.<\/p>\n<p>O Plano foi elaborado atrav\u00e9s da parceira entre LAMOT e a Secretaria Municipal de Mobilidade. Ao longo de 12 meses foi estabelecido um processo de diagn\u00f3stico, debates e proposi\u00e7\u00f5es de objetivos, metas e a\u00e7\u00f5es que levou em considera\u00e7\u00e3o os desafios da mobilidade observados por t\u00e9cnicos e pela popula\u00e7\u00e3o local. O Plano \u00e9 obrigat\u00f3rio para cidades com mais de 20 mil habitantes. Seguindo as diretrizes do Minist\u00e9rios de Desenvolvimento Regional, o Plano de Mobilidade Urbana de Palmeira das Miss\u00f5es busca, al\u00e9m de atender normativas, servir como ferramenta estrat\u00e9gica de desenvolvimento social e econ\u00f4mico.<\/p>\n<p><a href=\"https:\/\/www.ufsm.br\/app\/uploads\/sites\/376\/2023\/07\/WhatsApp-Image-2023-07-12-at-16.02.28.jpeg\"><img decoding=\"async\" class=\" wp-image-4573 alignright\" src=\"https:\/\/www.ufsm.br\/app\/uploads\/sites\/376\/2023\/07\/WhatsApp-Image-2023-07-12-at-16.02.28-300x138.jpeg\" alt=\"\" width=\"589\" height=\"271\" srcset=\"https:\/\/www.ufsm.br\/app\/uploads\/sites\/376\/2023\/07\/WhatsApp-Image-2023-07-12-at-16.02.28-300x138.jpeg 300w, https:\/\/www.ufsm.br\/app\/uploads\/sites\/376\/2023\/07\/WhatsApp-Image-2023-07-12-at-16.02.28-1024x470.jpeg 1024w, https:\/\/www.ufsm.br\/app\/uploads\/sites\/376\/2023\/07\/WhatsApp-Image-2023-07-12-at-16.02.28-768x352.jpeg 768w, https:\/\/www.ufsm.br\/app\/uploads\/sites\/376\/2023\/07\/WhatsApp-Image-2023-07-12-at-16.02.28-1536x705.jpeg 1536w, https:\/\/www.ufsm.br\/app\/uploads\/sites\/376\/2023\/07\/WhatsApp-Image-2023-07-12-at-16.02.28.jpeg 1600w\" sizes=\"(max-width: 589px) 100vw, 589px\" \/><\/a>O Acordo de Coopera\u00e7\u00e3o T\u00e9cnica entre LAMOT e a Prefeitura de Palmeira das Miss\u00f5es para realiza\u00e7\u00e3o do Plano de Mobilidade Urbana possibilitou a intera\u00e7\u00e3o multi campi que envolveu docentes e discentes de Cachoeira do Sul, Palmeira das Miss\u00f5es, Frederico Westphalen e Santa Maria, em a\u00e7\u00f5es de extens\u00e3o e ensino.<\/p>\n","protected":false},"excerpt":{"rendered":"<p>O Laborat\u00f3rio de Mobilidade e Log\u00edstica (LAMOT) da UFSM participou na \u00faltima sexta-feira, 07 de julho, da entrega oficial do Plano de Mobilidade Urbana de Palmeira das Miss\u00f5es aos chefes e membros de executivo e legislativo municipal. O Plano foi elaborado atrav\u00e9s da parceira entre LAMOT e a Secretaria Municipal de Mobilidade. Ao longo de [&hellip;]<\/p>\n","protected":false},"author":293,"featured_media":4572,"comment_status":"closed","ping_status":"closed","sticky":false,"template":"","format":"standard","meta":{"footnotes":""},"categories":[21,1],"tags":[],"class_list":["post-4570","post","type-post","status-publish","format-standard","has-post-thumbnail","hentry","category-banner","category-noticias"],"acf":[],"_links":{"self":[{"href":"https:\/\/www.ufsm.br\/unidades-universitarias\/cachoeira-do-sul\/wp-json\/wp\/v2\/posts\/4570","targetHints":{"allow":["GET"]}}],"collection":[{"href":"https:\/\/www.ufsm.br\/unidades-universitarias\/cachoeira-do-sul\/wp-json\/wp\/v2\/posts"}],"about":[{"href":"https:\/\/www.ufsm.br\/unidades-universitarias\/cachoeira-do-sul\/wp-json\/wp\/v2\/types\/post"}],"author":[{"embeddable":true,"href":"https:\/\/www.ufsm.br\/unidades-universitarias\/cachoeira-do-sul\/wp-json\/wp\/v2\/users\/293"}],"replies":[{"embeddable":true,"href":"https:\/\/www.ufsm.br\/unidades-universitarias\/cachoeira-do-sul\/wp-json\/wp\/v2\/comments?post=4570"}],"version-history":[{"count":0,"href":"https:\/\/www.ufsm.br\/unidades-universitarias\/cachoeira-do-sul\/wp-json\/wp\/v2\/posts\/4570\/revisions"}],"wp:featuredmedia":[{"embeddable":true,"href":"https:\/\/www.ufsm.br\/unidades-universitarias\/cachoeira-do-sul\/wp-json\/wp\/v2\/media\/4572"}],"wp:attachment":[{"href":"https:\/\/www.ufsm.br\/unidades-universitarias\/cachoeira-do-sul\/wp-json\/wp\/v2\/media?parent=4570"}],"wp:term":[{"taxonomy":"category","embeddable":true,"href":"https:\/\/www.ufsm.br\/unidades-universitarias\/cachoeira-do-sul\/wp-json\/wp\/v2\/categories?post=4570"},{"taxonomy":"post_tag","embeddable":true,"href":"https:\/\/www.ufsm.br\/unidades-universitarias\/cachoeira-do-sul\/wp-json\/wp\/v2\/tags?post=4570"}],"curies":[{"name":"wp","href":"https:\/\/api.w.org\/{rel}","templated":true}]}}