{"id":4575,"date":"2023-07-13T12:42:20","date_gmt":"2023-07-13T15:42:20","guid":{"rendered":"https:\/\/www.ufsm.br\/unidades-universitarias\/cachoeira-do-sul\/?p=4575"},"modified":"2023-07-13T12:42:22","modified_gmt":"2023-07-13T15:42:22","slug":"ufsm-cachoeira-do-sul-recebe-empresas-interessadas-em-parcerias-com-o-campus","status":"publish","type":"post","link":"https:\/\/www.ufsm.br\/unidades-universitarias\/cachoeira-do-sul\/2023\/07\/13\/ufsm-cachoeira-do-sul-recebe-empresas-interessadas-em-parcerias-com-o-campus","title":{"rendered":"UFSM Cachoeira do Sul recebe empresas interessadas em parcerias com o campus"},"content":{"rendered":"\n\n\n<figure id=\"attachment_4579\" aria-describedby=\"caption-attachment-4579\" style=\"width: 194px\" class=\"wp-caption alignright\"><a href=\"https:\/\/www.ufsm.br\/app\/uploads\/sites\/376\/2023\/07\/Visita-de-representante-da-Vinagres-BioHAUS-1.jpeg\"><img decoding=\"async\" class=\" wp-image-4579\" src=\"https:\/\/www.ufsm.br\/app\/uploads\/sites\/376\/2023\/07\/Visita-de-representante-da-Vinagres-BioHAUS-1-292x300.jpeg\" alt=\"\" width=\"194\" height=\"199\" srcset=\"https:\/\/www.ufsm.br\/app\/uploads\/sites\/376\/2023\/07\/Visita-de-representante-da-Vinagres-BioHAUS-1-292x300.jpeg 292w, https:\/\/www.ufsm.br\/app\/uploads\/sites\/376\/2023\/07\/Visita-de-representante-da-Vinagres-BioHAUS-1-768x788.jpeg 768w, https:\/\/www.ufsm.br\/app\/uploads\/sites\/376\/2023\/07\/Visita-de-representante-da-Vinagres-BioHAUS-1.jpeg 877w\" sizes=\"(max-width: 194px) 100vw, 194px\" \/><\/a><figcaption id=\"caption-attachment-4579\" class=\"wp-caption-text\">Visita de representante da Vinagres BioHAUS<\/figcaption><\/figure>\n<p>No dia 19 de junho, o campus da UFSM-CS, junto com o Pr\u00f3-reitoria de Inova\u00e7\u00e3o, realizou uma apresenta\u00e7\u00e3o do <a href=\"https:\/\/www.ufsm.br\/unidades-universitarias\/cachoeira-do-sul\/2023\/06\/21\/ufsm-apresenta-projeto-de-hub-de-inovacao-para-cachoeira-do-sul\">projeto do hub de inova\u00e7\u00e3o para Cachoeira do Sul<\/a>. O projeto consiste na constru\u00e7\u00e3o de um novo edif\u00edcio no campus que conectar\u00e1 os setores da economia com a pesquisa acad\u00eamica, trazendo desenvolvimento para o Munic\u00edpio e regi\u00e3o. Para que o projeto se torne uma realidade, a UFSM busca o apoio de empres\u00e1rios locais para a constru\u00e7\u00e3o do espa\u00e7o, atrav\u00e9s de parcerias com a iniciativa privada.<\/p>\n<figure id=\"attachment_4578\" aria-describedby=\"caption-attachment-4578\" style=\"width: 204px\" class=\"wp-caption alignleft\"><a href=\"https:\/\/www.ufsm.br\/app\/uploads\/sites\/376\/2023\/07\/Visista-de-representantes-da-Trevisan-Alimentos-1.jpeg\"><img decoding=\"async\" class=\" wp-image-4578\" src=\"https:\/\/www.ufsm.br\/app\/uploads\/sites\/376\/2023\/07\/Visista-de-representantes-da-Trevisan-Alimentos-1-300x271.jpeg\" alt=\"\" width=\"204\" height=\"184\" srcset=\"https:\/\/www.ufsm.br\/app\/uploads\/sites\/376\/2023\/07\/Visista-de-representantes-da-Trevisan-Alimentos-1-300x271.jpeg 300w, https:\/\/www.ufsm.br\/app\/uploads\/sites\/376\/2023\/07\/Visista-de-representantes-da-Trevisan-Alimentos-1-768x693.jpeg 768w, https:\/\/www.ufsm.br\/app\/uploads\/sites\/376\/2023\/07\/Visista-de-representantes-da-Trevisan-Alimentos-1.jpeg 840w\" sizes=\"(max-width: 204px) 100vw, 204px\" \/><\/a><figcaption id=\"caption-attachment-4578\" class=\"wp-caption-text\">Visita de representantes da Trevisan Alimentos<\/figcaption><\/figure>\n<p>A partir desta apresenta\u00e7\u00e3o, empres\u00e1rios do Munic\u00edpio t\u00eam procurado a Dire\u00e7\u00e3o do campus para saber mais informa\u00e7\u00e3o, interessados em se aproximar da UFSM, desenvolver parcerias e concretizar este projeto. Entre as empresas que j\u00e1 estiveram visitando o campus e conversando com os diretores da Unidade est\u00e3o Trevisan Alimentos, Cervejaria Lorena e Vinagres BioHAUS. Segundo o vice-diretor do campus, Giovani Zabot, a UFSM sempre esteve aberta a desenvolver parcerias com a comunidade e que o interesse dos empres\u00e1rios \u00e9 muito importante para a concretiza\u00e7\u00e3o deste espa\u00e7o inovador em Cachoeira do Sul.<\/p>\n","protected":false},"excerpt":{"rendered":"<p>Ap\u00f3s a apresenta\u00e7\u00e3o do projeto do hub de inova\u00e7\u00e3o, no dia 19 de junho, empresas t\u00eam procurado o campus da UFSM em Cachoeira do Sul em busca de mais informa\u00e7\u00f5es<\/p>\n","protected":false},"author":293,"featured_media":0,"comment_status":"closed","ping_status":"closed","sticky":false,"template":"","format":"standard","meta":{"footnotes":""},"categories":[1],"tags":[],"class_list":["post-4575","post","type-post","status-publish","format-standard","hentry","category-noticias"],"acf":[],"_links":{"self":[{"href":"https:\/\/www.ufsm.br\/unidades-universitarias\/cachoeira-do-sul\/wp-json\/wp\/v2\/posts\/4575","targetHints":{"allow":["GET"]}}],"collection":[{"href":"https:\/\/www.ufsm.br\/unidades-universitarias\/cachoeira-do-sul\/wp-json\/wp\/v2\/posts"}],"about":[{"href":"https:\/\/www.ufsm.br\/unidades-universitarias\/cachoeira-do-sul\/wp-json\/wp\/v2\/types\/post"}],"author":[{"embeddable":true,"href":"https:\/\/www.ufsm.br\/unidades-universitarias\/cachoeira-do-sul\/wp-json\/wp\/v2\/users\/293"}],"replies":[{"embeddable":true,"href":"https:\/\/www.ufsm.br\/unidades-universitarias\/cachoeira-do-sul\/wp-json\/wp\/v2\/comments?post=4575"}],"version-history":[{"count":0,"href":"https:\/\/www.ufsm.br\/unidades-universitarias\/cachoeira-do-sul\/wp-json\/wp\/v2\/posts\/4575\/revisions"}],"wp:attachment":[{"href":"https:\/\/www.ufsm.br\/unidades-universitarias\/cachoeira-do-sul\/wp-json\/wp\/v2\/media?parent=4575"}],"wp:term":[{"taxonomy":"category","embeddable":true,"href":"https:\/\/www.ufsm.br\/unidades-universitarias\/cachoeira-do-sul\/wp-json\/wp\/v2\/categories?post=4575"},{"taxonomy":"post_tag","embeddable":true,"href":"https:\/\/www.ufsm.br\/unidades-universitarias\/cachoeira-do-sul\/wp-json\/wp\/v2\/tags?post=4575"}],"curies":[{"name":"wp","href":"https:\/\/api.w.org\/{rel}","templated":true}]}}