{"id":4591,"date":"2023-07-17T09:17:10","date_gmt":"2023-07-17T12:17:10","guid":{"rendered":"https:\/\/www.ufsm.br\/unidades-universitarias\/cachoeira-do-sul\/?p=4591"},"modified":"2023-07-17T09:17:12","modified_gmt":"2023-07-17T12:17:12","slug":"ufsm-cachoeira-do-sul-lanca-e-book-com-trabalhos-apresentados-em-sua-1a-feira-de-ciencias-tecnologia-e-inovacao","status":"publish","type":"post","link":"https:\/\/www.ufsm.br\/unidades-universitarias\/cachoeira-do-sul\/2023\/07\/17\/ufsm-cachoeira-do-sul-lanca-e-book-com-trabalhos-apresentados-em-sua-1a-feira-de-ciencias-tecnologia-e-inovacao","title":{"rendered":"UFSM Cachoeira do Sul lan\u00e7a e-book com trabalhos apresentados em sua 1\u00aa Feira de Ci\u00eancias, Tecnologia e Inova\u00e7\u00e3o"},"content":{"rendered":"\n<p><a href=\"https:\/\/www.ufsm.br\/app\/uploads\/sites\/376\/2023\/07\/capa-feira-de-ciencias-600x852-1.jpeg\"><img fetchpriority=\"high\" decoding=\"async\" class=\" wp-image-4593 alignright\" src=\"https:\/\/www.ufsm.br\/app\/uploads\/sites\/376\/2023\/07\/capa-feira-de-ciencias-600x852-1-211x300.jpeg\" alt=\"\" width=\"260\" height=\"370\" srcset=\"https:\/\/www.ufsm.br\/app\/uploads\/sites\/376\/2023\/07\/capa-feira-de-ciencias-600x852-1-211x300.jpeg 211w, https:\/\/www.ufsm.br\/app\/uploads\/sites\/376\/2023\/07\/capa-feira-de-ciencias-600x852-1.jpeg 600w\" sizes=\"(max-width: 260px) 100vw, 260px\" \/><\/a>Na \u00faltima sexta-feira, dia 14, a Comiss\u00e3o Organizadora da 1\u00aa Feira de Ci\u00eancias, Tecnologia e Inova\u00e7\u00e3o do campus da UFSM em Cachoeira do Sul divulgou o lan\u00e7amento do e-book, publicado junto a editora Coralina, com os trabalhos apresentados na 1\u00aa edi\u00e7\u00e3o do evento. Este e-book foi concebido com o prop\u00f3sito de reunir, al\u00e9m dos trabalhos apresentados, prot\u00f3tipos e experimentos, com o intuito de sintetizar as atividades desenvolvidas.<\/p>\n<p>O e-book est\u00e1 dispon\u00edvel no <a href=\"_wp_link_placeholder\" data-wplink-edit=\"true\">site da editora<\/a>. Para realizar o download da publica\u00e7\u00e3o, \u00e9 necess\u00e1rio primeiramente realizar um cadastro. Os interessados em adquirir uma vers\u00e3o impressa, poder\u00e3o entrar em contato diretamente com a editora, pagando o custo da impress\u00e3o e envio.<\/p>\n<p>A 1\u00aa Feira de Ci\u00eancias, Tecnologia e Inova\u00e7\u00e3o da UFSM-CS ocorreu no dia 3 de dezembro de 2022, no campus da UFSM em Cachoeira do Sul. O evento teve como objetivo principal apresentar os trabalhos desenvolvidos no campus e nas escolas da regi\u00e3o, proporcionando oportunidades de participa\u00e7\u00e3o tanto para escolas p\u00fablicas quanto privadas de educa\u00e7\u00e3o b\u00e1sica.<\/p>\n<p>Segundo os professores Glauber Quadros e Jocenir Boita, organizadores do evento, a iniciativa contribuiu significativamente para os \u00e2mbitos acad\u00eamico, cient\u00edfico e social, abarcando os fundamentos do ensino, pesquisa e extens\u00e3o, que s\u00e3o essenciais nas universidades p\u00fablicas brasileiras. Eles ainda ressaltam que a participa\u00e7\u00e3o de escolas p\u00fablicas e privadas de educa\u00e7\u00e3o b\u00e1sica da cidade enriqueceu o evento. A meta da organiza\u00e7\u00e3o do evento \u00e9 compartilhar esses trabalhos com a comunidade e o meio acad\u00eamico, fornecendo uma vis\u00e3o abrangente do que \u00e9 realizado no campus e nas institui\u00e7\u00f5es de ensino b\u00e1sico locais.<\/p>\n<p>Em 2023, haver\u00e1 a 2\u00aa Feira de Ci\u00eancias, Tecnologia e Inova\u00e7\u00e3o da UFSM-CS. Em breve ser\u00e1 lan\u00e7ado o edital do evento.<\/p>\n","protected":false},"excerpt":{"rendered":"<p>Na \u00faltima sexta-feira, dia 14, a Comiss\u00e3o Organizadora da 1\u00aa Feira de Ci\u00eancias, Tecnologia e Inova\u00e7\u00e3o do campus da UFSM em Cachoeira do Sul divulgou o lan\u00e7amento do e-book, publicado junto a editora Coralina, com os trabalhos apresentados na 1\u00aa edi\u00e7\u00e3o do evento. Este e-book foi concebido com o prop\u00f3sito de reunir, al\u00e9m dos trabalhos [&hellip;]<\/p>\n","protected":false},"author":293,"featured_media":4592,"comment_status":"closed","ping_status":"closed","sticky":false,"template":"","format":"standard","meta":{"footnotes":""},"categories":[21,1],"tags":[],"class_list":["post-4591","post","type-post","status-publish","format-standard","has-post-thumbnail","hentry","category-banner","category-noticias"],"acf":[],"_links":{"self":[{"href":"https:\/\/www.ufsm.br\/unidades-universitarias\/cachoeira-do-sul\/wp-json\/wp\/v2\/posts\/4591","targetHints":{"allow":["GET"]}}],"collection":[{"href":"https:\/\/www.ufsm.br\/unidades-universitarias\/cachoeira-do-sul\/wp-json\/wp\/v2\/posts"}],"about":[{"href":"https:\/\/www.ufsm.br\/unidades-universitarias\/cachoeira-do-sul\/wp-json\/wp\/v2\/types\/post"}],"author":[{"embeddable":true,"href":"https:\/\/www.ufsm.br\/unidades-universitarias\/cachoeira-do-sul\/wp-json\/wp\/v2\/users\/293"}],"replies":[{"embeddable":true,"href":"https:\/\/www.ufsm.br\/unidades-universitarias\/cachoeira-do-sul\/wp-json\/wp\/v2\/comments?post=4591"}],"version-history":[{"count":0,"href":"https:\/\/www.ufsm.br\/unidades-universitarias\/cachoeira-do-sul\/wp-json\/wp\/v2\/posts\/4591\/revisions"}],"wp:featuredmedia":[{"embeddable":true,"href":"https:\/\/www.ufsm.br\/unidades-universitarias\/cachoeira-do-sul\/wp-json\/wp\/v2\/media\/4592"}],"wp:attachment":[{"href":"https:\/\/www.ufsm.br\/unidades-universitarias\/cachoeira-do-sul\/wp-json\/wp\/v2\/media?parent=4591"}],"wp:term":[{"taxonomy":"category","embeddable":true,"href":"https:\/\/www.ufsm.br\/unidades-universitarias\/cachoeira-do-sul\/wp-json\/wp\/v2\/categories?post=4591"},{"taxonomy":"post_tag","embeddable":true,"href":"https:\/\/www.ufsm.br\/unidades-universitarias\/cachoeira-do-sul\/wp-json\/wp\/v2\/tags?post=4591"}],"curies":[{"name":"wp","href":"https:\/\/api.w.org\/{rel}","templated":true}]}}