{"id":4772,"date":"2023-09-04T10:39:48","date_gmt":"2023-09-04T13:39:48","guid":{"rendered":"https:\/\/www.ufsm.br\/unidades-universitarias\/cachoeira-do-sul\/?p=4772"},"modified":"2023-09-04T10:39:50","modified_gmt":"2023-09-04T13:39:50","slug":"ufsm-cs-busca-contribuicao-de-sua-comunidade-academica-para-definir-objetivos-e-metas-estrategicas-para-os-proximos-anos","status":"publish","type":"post","link":"https:\/\/www.ufsm.br\/unidades-universitarias\/cachoeira-do-sul\/2023\/09\/04\/ufsm-cs-busca-contribuicao-de-sua-comunidade-academica-para-definir-objetivos-e-metas-estrategicas-para-os-proximos-anos","title":{"rendered":"UFSM-CS busca contribui\u00e7\u00e3o de sua comunidade acad\u00eamica para definir objetivos e metas estrat\u00e9gicas para os pr\u00f3ximos anos"},"content":{"rendered":"\n<p><span style=\"font-weight: 400\">Desde o dia 01 de setembro, est\u00e1 dispon\u00edvel o <strong>Question\u00e1rio \u201c<\/strong><\/span><span style=\"font-weight: 400\"><strong>Pesquisa Ambiente Interno (PDU)\u201d,<\/strong> do campus da UFSM em Cachoeira do Sul. O question\u00e1rio tem como objetivo buscar a <strong>contribui\u00e7\u00e3o da comunidade acad\u00eamica para desenvolver o <\/strong><\/span><span style=\"font-weight: 400\"><strong>Plano de Desenvolvimento da Unidade (PDU) 2024-2027<\/strong>.<\/span><\/p>\n<p><span style=\"font-weight: 400\">O PDU \u00e9 um instrumento de planejamento e de gest\u00e3o para o campus da UFSM em Cachoeira do Sul. Ele \u00e9 uma ferramenta administrativa em que se delineiam os objetivos de longo prazo da Unidade e as medidas reais necess\u00e1rias \u00e0 consecu\u00e7\u00e3o dos mesmos, sendo um meio pelo qual a comunidade da UFSM-CS diz para si mesma o que ela espera em rela\u00e7\u00e3o ao futuro.<\/span><\/p>\n<p><span style=\"font-weight: 400\">O PDU cont\u00e9m as defini\u00e7\u00f5es estrat\u00e9gicas da Unidade, alinhadas ao PDI da Institui\u00e7\u00e3o. O PDI prev\u00ea que cada unidade realize o seu planejamento pr\u00f3prio para se adequar \u00e0s necessidades locais e o PDU do campus da UFSM em Cachoeira do Sul ir\u00e1 conter os objetivos, metas e indicadores para a nossa Unidade para os pr\u00f3ximos 4 anos, al\u00e9m de criar a miss\u00e3o, vis\u00e3o e valores pr\u00f3prios do campus.<\/span><\/p>\n<p><span style=\"font-weight: 400\">Para organizar o PDU, foi instaurada uma Comiss\u00e3o Executiva composta por docentes, t\u00e9cnicos administrativos e discente do campus. S\u00e3o eles: Anderson Dal Molin (Diretor); Giovani Leone Zabot (Vice-Diretor); Laura Lisiane Callai dos Santos (Engenharia El\u00e9trica) Tiago Rodrigo Francetto (Engenharia Agr\u00edcola); Vanessa Teresinha Alves (Engenharia de Transportes e Log\u00edstica); Maikson Luiz Passaia Tonatto (Engenharia Mec\u00e2nica); Samuel Silva de Brito (Arquitetura e Urbanismo); Aline Brum Loreto (N\u00facleo B\u00e1sico); Ta\u00eds Scarparo Lovato S\u00f3rio (T\u00e9cnico-Administrativo em Educa\u00e7\u00e3o); J\u00falio C\u00e9sar Modesto da Silva (T\u00e9cnico-Administrativo em Educa\u00e7\u00e3o); Mylena Roehrs (Discente).<\/span><\/p>\n<p><span style=\"font-weight: 400\">Assim, a Comiss\u00e3o organizou uma consulta \u00e0 comunidade acad\u00eamica para definir quais ser\u00e3o os rumos e as prioridades do campus. A consulta ser\u00e1 feita atrav\u00e9s de um formul\u00e1rio, e todos os alunos, docentes e TAEs poder\u00e3o se manifestar e contribuir para a constru\u00e7\u00e3o do plano de desenvolvimento. <strong>O question\u00e1rio ficar\u00e1 aberto at\u00e9 o dia 30 de setembro e pode ser acessado atrav\u00e9s do <a href=\"https:\/\/portal.ufsm.br\/estudantil\/index.html\">Portal Estudantil<\/a> (para alunos do campus), pelo <a href=\"https:\/\/portal.ufsm.br\/rh\/index.html\">Portal de RH<\/a> (para TAES) e pelo <a href=\"https:\/\/portal.ufsm.br\/docente\/\">Portal Docente<\/a> (para professores).<\/strong><\/span><\/p>\n<p><span style=\"font-weight: 400\">A participa\u00e7\u00e3o de todos \u00e9 muito importante, pois somente desta forma ser\u00e1 poss\u00edvel identificar o que a comunidade acad\u00eamica da UFSM &#8211; Cachoeira do Sul espera para os pr\u00f3ximos anos e, assim, alinhar os objetivos da gest\u00e3o e as metas a serem atingidas.<\/span><\/p>\n","protected":false},"excerpt":{"rendered":"<p>Question\u00e1rio estar\u00e1 aberto at\u00e9 o dia 30 de setembro pelos portais da UFSM<\/p>\n","protected":false},"author":293,"featured_media":4773,"comment_status":"closed","ping_status":"closed","sticky":false,"template":"","format":"standard","meta":{"footnotes":""},"categories":[21,1],"tags":[],"class_list":["post-4772","post","type-post","status-publish","format-standard","has-post-thumbnail","hentry","category-banner","category-noticias"],"acf":[],"_links":{"self":[{"href":"https:\/\/www.ufsm.br\/unidades-universitarias\/cachoeira-do-sul\/wp-json\/wp\/v2\/posts\/4772","targetHints":{"allow":["GET"]}}],"collection":[{"href":"https:\/\/www.ufsm.br\/unidades-universitarias\/cachoeira-do-sul\/wp-json\/wp\/v2\/posts"}],"about":[{"href":"https:\/\/www.ufsm.br\/unidades-universitarias\/cachoeira-do-sul\/wp-json\/wp\/v2\/types\/post"}],"author":[{"embeddable":true,"href":"https:\/\/www.ufsm.br\/unidades-universitarias\/cachoeira-do-sul\/wp-json\/wp\/v2\/users\/293"}],"replies":[{"embeddable":true,"href":"https:\/\/www.ufsm.br\/unidades-universitarias\/cachoeira-do-sul\/wp-json\/wp\/v2\/comments?post=4772"}],"version-history":[{"count":0,"href":"https:\/\/www.ufsm.br\/unidades-universitarias\/cachoeira-do-sul\/wp-json\/wp\/v2\/posts\/4772\/revisions"}],"wp:featuredmedia":[{"embeddable":true,"href":"https:\/\/www.ufsm.br\/unidades-universitarias\/cachoeira-do-sul\/wp-json\/wp\/v2\/media\/4773"}],"wp:attachment":[{"href":"https:\/\/www.ufsm.br\/unidades-universitarias\/cachoeira-do-sul\/wp-json\/wp\/v2\/media?parent=4772"}],"wp:term":[{"taxonomy":"category","embeddable":true,"href":"https:\/\/www.ufsm.br\/unidades-universitarias\/cachoeira-do-sul\/wp-json\/wp\/v2\/categories?post=4772"},{"taxonomy":"post_tag","embeddable":true,"href":"https:\/\/www.ufsm.br\/unidades-universitarias\/cachoeira-do-sul\/wp-json\/wp\/v2\/tags?post=4772"}],"curies":[{"name":"wp","href":"https:\/\/api.w.org\/{rel}","templated":true}]}}